{"id":1486,"date":"2018-10-18T09:42:03","date_gmt":"2018-10-18T08:42:03","guid":{"rendered":"http:\/\/lignesdorages.com\/?p=1486"},"modified":"2018-10-30T10:18:31","modified_gmt":"2018-10-30T09:18:31","slug":"the-vinland-sagas","status":"publish","type":"post","link":"https:\/\/lignesdorages.com\/index.php\/2018\/10\/18\/the-vinland-sagas\/","title":{"rendered":"The Vinland Sagas"},"content":{"rendered":"<p>Le nom des auteurs du livre d\u2019aujourd\u2019hui se perd dans la nuit froide d\u2019un hiver Islandais, alors on met bien ses moufles et on embarque sur un fier navire \u00e0 t\u00eate de drake pour d\u00e9couvrir de nouvelles terres \u00e0 l\u2019Ouest\u2026<\/p>\n<p><img data-recalc-dims=\"1\" loading=\"lazy\" decoding=\"async\" data-attachment-id=\"1489\" data-permalink=\"https:\/\/lignesdorages.com\/index.php\/2018\/10\/18\/the-vinland-sagas\/bato0\/\" data-orig-file=\"https:\/\/i0.wp.com\/lignesdorages.com\/wp-content\/uploads\/2018\/10\/bato0.gif?fit=245%2C170&amp;ssl=1\" data-orig-size=\"245,170\" data-comments-opened=\"1\" data-image-meta=\"{&quot;aperture&quot;:&quot;0&quot;,&quot;credit&quot;:&quot;&quot;,&quot;camera&quot;:&quot;&quot;,&quot;caption&quot;:&quot;&quot;,&quot;created_timestamp&quot;:&quot;0&quot;,&quot;copyright&quot;:&quot;&quot;,&quot;focal_length&quot;:&quot;0&quot;,&quot;iso&quot;:&quot;0&quot;,&quot;shutter_speed&quot;:&quot;0&quot;,&quot;title&quot;:&quot;&quot;,&quot;orientation&quot;:&quot;0&quot;}\" data-image-title=\"bato0\" data-image-description=\"\" data-image-caption=\"\" data-large-file=\"https:\/\/i0.wp.com\/lignesdorages.com\/wp-content\/uploads\/2018\/10\/bato0.gif?fit=245%2C170&amp;ssl=1\" class=\"aligncenter size-full wp-image-1489\" src=\"https:\/\/i0.wp.com\/lignesdorages.com\/wp-content\/uploads\/2018\/10\/bato0.gif?resize=245%2C170&#038;ssl=1\" alt=\"\" width=\"245\" height=\"170\" \/><\/p>\n<div id=\"ez-toc-container\" class=\"ez-toc-v2_0_82_2 counter-hierarchy ez-toc-counter ez-toc-grey ez-toc-container-direction\">\n<div class=\"ez-toc-title-container\">\n<p class=\"ez-toc-title\" style=\"cursor:inherit\">Table des mati\u00e8res<\/p>\n<span class=\"ez-toc-title-toggle\"><a href=\"#\" class=\"ez-toc-pull-right ez-toc-btn ez-toc-btn-xs ez-toc-btn-default ez-toc-toggle\" aria-label=\"Toggle Table of Content\"><span class=\"ez-toc-js-icon-con\"><span class=\"\"><span class=\"eztoc-hide\" style=\"display:none;\">Toggle<\/span><span class=\"ez-toc-icon-toggle-span\"><svg style=\"fill: #999;color:#999\" xmlns=\"http:\/\/www.w3.org\/2000\/svg\" class=\"list-377408\" width=\"20px\" height=\"20px\" viewBox=\"0 0 24 24\" fill=\"none\"><path d=\"M6 6H4v2h2V6zm14 0H8v2h12V6zM4 11h2v2H4v-2zm16 0H8v2h12v-2zM4 16h2v2H4v-2zm16 0H8v2h12v-2z\" fill=\"currentColor\"><\/path><\/svg><svg style=\"fill: #999;color:#999\" class=\"arrow-unsorted-368013\" xmlns=\"http:\/\/www.w3.org\/2000\/svg\" width=\"10px\" height=\"10px\" viewBox=\"0 0 24 24\" version=\"1.2\" baseProfile=\"tiny\"><path d=\"M18.2 9.3l-6.2-6.3-6.2 6.3c-.2.2-.3.4-.3.7s.1.5.3.7c.2.2.4.3.7.3h11c.3 0 .5-.1.7-.3.2-.2.3-.5.3-.7s-.1-.5-.3-.7zM5.8 14.7l6.2 6.3 6.2-6.3c.2-.2.3-.5.3-.7s-.1-.5-.3-.7c-.2-.2-.4-.3-.7-.3h-11c-.3 0-.5.1-.7.3-.2.2-.3.5-.3.7s.1.5.3.7z\"\/><\/svg><\/span><\/span><\/span><\/a><\/span><\/div>\n<nav><ul class='ez-toc-list ez-toc-list-level-1 ' ><li class='ez-toc-page-1 ez-toc-heading-level-1'><a class=\"ez-toc-link ez-toc-heading-1\" href=\"https:\/\/lignesdorages.com\/index.php\/2018\/10\/18\/the-vinland-sagas\/#Le_Livre\" >Le Livre<\/a><\/li><li class='ez-toc-page-1 ez-toc-heading-level-1'><a class=\"ez-toc-link ez-toc-heading-2\" href=\"https:\/\/lignesdorages.com\/index.php\/2018\/10\/18\/the-vinland-sagas\/#La_decouverte_du_Vinland\" >La d\u00e9couverte du Vinland<\/a><ul class='ez-toc-list-level-2' ><li class='ez-toc-heading-level-2'><a class=\"ez-toc-link ez-toc-heading-3\" href=\"https:\/\/lignesdorages.com\/index.php\/2018\/10\/18\/the-vinland-sagas\/#Les_problemes_de_voisinage_du_gars_Eirik\" >Les probl\u00e8mes de voisinage du gars Eirik<\/a><\/li><li class='ez-toc-page-1 ez-toc-heading-level-2'><a class=\"ez-toc-link ez-toc-heading-4\" href=\"https:\/\/lignesdorages.com\/index.php\/2018\/10\/18\/the-vinland-sagas\/#Le_Pays_du_Vin\" >Le Pays du Vin<\/a><\/li><li class='ez-toc-page-1 ez-toc-heading-level-2'><a class=\"ez-toc-link ez-toc-heading-5\" href=\"https:\/\/lignesdorages.com\/index.php\/2018\/10\/18\/the-vinland-sagas\/#Epilogue\" >Epilogue<\/a><\/li><\/ul><\/li><li class='ez-toc-page-1 ez-toc-heading-level-1'><a class=\"ez-toc-link ez-toc-heading-6\" href=\"https:\/\/lignesdorages.com\/index.php\/2018\/10\/18\/the-vinland-sagas\/#Histoire_et_Legendes\" >Histoire et L\u00e9gendes<\/a><ul class='ez-toc-list-level-2' ><li class='ez-toc-heading-level-2'><a class=\"ez-toc-link ez-toc-heading-7\" href=\"https:\/\/lignesdorages.com\/index.php\/2018\/10\/18\/the-vinland-sagas\/#Un_recit_veridique\" >Un r\u00e9cit v\u00e9ridique ?<\/a><\/li><li class='ez-toc-page-1 ez-toc-heading-level-2'><a class=\"ez-toc-link ez-toc-heading-8\" href=\"https:\/\/lignesdorages.com\/index.php\/2018\/10\/18\/the-vinland-sagas\/#La_part_dhistoire\" >La part d&rsquo;histoire<\/a><\/li><li class='ez-toc-page-1 ez-toc-heading-level-2'><a class=\"ez-toc-link ez-toc-heading-9\" href=\"https:\/\/lignesdorages.com\/index.php\/2018\/10\/18\/the-vinland-sagas\/#La_part_de_legendes\" >La part de l\u00e9gendes<\/a><\/li><li class='ez-toc-page-1 ez-toc-heading-level-2'><a class=\"ez-toc-link ez-toc-heading-10\" href=\"https:\/\/lignesdorages.com\/index.php\/2018\/10\/18\/the-vinland-sagas\/#Le_point_de_depart_dune_belle_Uchronie\" >Le point de d\u00e9part d\u2019une belle Uchronie<\/a><\/li><\/ul><\/li><\/ul><\/nav><\/div>\n\n<h1><span class=\"ez-toc-section\" id=\"Le_Livre\"><\/span>Le Livre<span class=\"ez-toc-section-end\"><\/span><\/h1>\n<p>Les Sagas du Vinland sont deux textes \u00e9crits ind\u00e9pendamment l\u2019un de l\u2019autre au d\u00e9but du XIII\u00e8me si\u00e8cle en Islande. Ils racontent <strong>la d\u00e9couverte et les essais d\u2019installations des hommes du nord dans ce qu\u2019ils appellent le Vinland<\/strong> et qui se trouve quelque part en Am\u00e9rique du Nord, aux abords du Saint Laurent.<\/p>\n<p><img data-recalc-dims=\"1\" loading=\"lazy\" decoding=\"async\" data-attachment-id=\"1500\" data-permalink=\"https:\/\/lignesdorages.com\/index.php\/2018\/10\/18\/the-vinland-sagas\/map\/\" data-orig-file=\"https:\/\/i0.wp.com\/lignesdorages.com\/wp-content\/uploads\/2018\/10\/map.png?fit=460%2C280&amp;ssl=1\" data-orig-size=\"460,280\" data-comments-opened=\"1\" data-image-meta=\"{&quot;aperture&quot;:&quot;0&quot;,&quot;credit&quot;:&quot;&quot;,&quot;camera&quot;:&quot;&quot;,&quot;caption&quot;:&quot;&quot;,&quot;created_timestamp&quot;:&quot;0&quot;,&quot;copyright&quot;:&quot;&quot;,&quot;focal_length&quot;:&quot;0&quot;,&quot;iso&quot;:&quot;0&quot;,&quot;shutter_speed&quot;:&quot;0&quot;,&quot;title&quot;:&quot;&quot;,&quot;orientation&quot;:&quot;0&quot;}\" data-image-title=\"map\" data-image-description=\"\" data-image-caption=\"\" data-large-file=\"https:\/\/i0.wp.com\/lignesdorages.com\/wp-content\/uploads\/2018\/10\/map.png?fit=460%2C280&amp;ssl=1\" class=\"aligncenter size-full wp-image-1500\" src=\"https:\/\/i0.wp.com\/lignesdorages.com\/wp-content\/uploads\/2018\/10\/map.png?resize=460%2C280&#038;ssl=1\" alt=\"\" width=\"460\" height=\"280\" srcset=\"https:\/\/i0.wp.com\/lignesdorages.com\/wp-content\/uploads\/2018\/10\/map.png?w=460&amp;ssl=1 460w, https:\/\/i0.wp.com\/lignesdorages.com\/wp-content\/uploads\/2018\/10\/map.png?resize=300%2C183&amp;ssl=1 300w, https:\/\/i0.wp.com\/lignesdorages.com\/wp-content\/uploads\/2018\/10\/map.png?resize=444%2C270&amp;ssl=1 444w\" sizes=\"auto, (max-width: 460px) 100vw, 460px\" \/><\/p>\n<p>L\u2019\u00e9dition que j\u2019ai (en anglais) y ajoute une assez longue (et instructive) introduction pr\u00e9sentant les textes, leur contexte et les d\u00e9couvertes arch\u00e9ologiques confirmant les histoires qui y sont racont\u00e9s. <strong>Le tout se lit plut\u00f4t bien<\/strong>, le style d\u2019\u00e9criture des sagas est plut\u00f4t agr\u00e9able \u00e0 lire pour un truc aussi ancien (j\u2019imagine que la traduction aide bien \u00e9videmment).<\/p>\n<p>Le seul aspect un peu difficile \u00e9tant les noms des personnages vus que \u00e0 peu pr\u00e8s 9 sur 10 commence par Thor : On a donc, Thord, Thorbjorn, Thorvald, Thorunn, Thorgerd, Thorir, Thorfinn, Thorgeir, Thorlak, Thorhild\u2026 allez bon courage, vas t\u2019y retrouver (heureusement il y a un arbre g\u00e9n\u00e9alogique qui aide bien, d\u2019autant plus que les islandais ont la bonne id\u00e9e d\u2019avoir <strong><a href=\"https:\/\/www.youtube.com\/watch?v=awjSHMQhkL4&amp;t=2m41s\">des noms patronymiques et pas des noms de famille<\/a><\/strong>).<\/p>\n<p><span class=\"embed-youtube\" style=\"text-align:center; display: block;\"><iframe loading=\"lazy\" class=\"youtube-player\" width=\"640\" height=\"360\" src=\"https:\/\/www.youtube.com\/embed\/JmW9QRpvhQo?version=3&#038;rel=1&#038;showsearch=0&#038;showinfo=1&#038;iv_load_policy=1&#038;fs=1&#038;hl=fr-FR&#038;autohide=2&#038;wmode=transparent\" allowfullscreen=\"true\" style=\"border:0;\" sandbox=\"allow-scripts allow-same-origin allow-popups allow-presentation allow-popups-to-escape-sandbox\"><\/iframe><\/span><\/p>\n<h1><span class=\"ez-toc-section\" id=\"La_decouverte_du_Vinland\"><\/span>La d\u00e9couverte du Vinland<span class=\"ez-toc-section-end\"><\/span><\/h1>\n<p>Donc voil\u00e0 l\u2019histoire se passe autour de l\u2019an mille, les hommes du nord ont d\u00e9j\u00e0 d\u00e9couvert et colonis\u00e9 l\u2019Islande et commence \u00e0 bien s&rsquo;y installer&#8230;<\/p>\n<h2><span class=\"ez-toc-section\" id=\"Les_problemes_de_voisinage_du_gars_Eirik\"><\/span>Les probl\u00e8mes de voisinage du gars Eirik<span class=\"ez-toc-section-end\"><\/span><\/h2>\n<p>Eirik (ouai j\u2019ai menti ils s\u2019appellent pas tous Thortruc), d\u00e9cide donc de s\u2019installer en Islande, il se trouve un coin peinard et construit une ferme bien d\u00e9cid\u00e9 \u00e0 s\u2019installer tranquille. Pas de bol, \u00e0 peine arriver ses esclaves font du grabuge chez le voisin, qui les bute.<\/p>\n<p>Du coup Eirik, il est col\u00e8re et il bute 4 potes du voisin. Alors ca va mieux, il est calm\u00e9 mais il est un peu oblig\u00e9 de changer d\u2019endroit pour sa ferme.<\/p>\n<p><img data-recalc-dims=\"1\" loading=\"lazy\" decoding=\"async\" data-attachment-id=\"1492\" data-permalink=\"https:\/\/lignesdorages.com\/index.php\/2018\/10\/18\/the-vinland-sagas\/colere\/\" data-orig-file=\"https:\/\/i0.wp.com\/lignesdorages.com\/wp-content\/uploads\/2018\/10\/col%C3%A8re.gif?fit=450%2C254&amp;ssl=1\" data-orig-size=\"450,254\" data-comments-opened=\"1\" data-image-meta=\"{&quot;aperture&quot;:&quot;0&quot;,&quot;credit&quot;:&quot;&quot;,&quot;camera&quot;:&quot;&quot;,&quot;caption&quot;:&quot;&quot;,&quot;created_timestamp&quot;:&quot;0&quot;,&quot;copyright&quot;:&quot;&quot;,&quot;focal_length&quot;:&quot;0&quot;,&quot;iso&quot;:&quot;0&quot;,&quot;shutter_speed&quot;:&quot;0&quot;,&quot;title&quot;:&quot;&quot;,&quot;orientation&quot;:&quot;0&quot;}\" data-image-title=\"col\u00e8re\" data-image-description=\"\" data-image-caption=\"\" data-large-file=\"https:\/\/i0.wp.com\/lignesdorages.com\/wp-content\/uploads\/2018\/10\/col%C3%A8re.gif?fit=450%2C254&amp;ssl=1\" class=\"aligncenter size-large wp-image-1492\" src=\"https:\/\/i0.wp.com\/lignesdorages.com\/wp-content\/uploads\/2018\/10\/col%C3%A8re.gif?resize=450%2C254&#038;ssl=1\" alt=\"\" width=\"450\" height=\"254\" \/><\/p>\n<p>Du coup il se retrouve un autre coin peinard, il se refait une ferme, au d\u00e9but il sympathise m\u00eame avec le voisin : sympa il pr\u00eate m\u00eame des planches \u00e0 son voisin. Pas de bol, le voisin est encore un connard et il refuse de les lui rendre.<\/p>\n<p>Eirik il est re-col\u00e8re, il va chercher ses planches parce que bon, ca suffit il en a besoin et puis merde c\u2019est ses planches quoi. Le voisin d\u00e9barque, ils se frittent et Eirik bute ses deux fils et encore un paquet d\u2019autres mecs.<\/p>\n<p><img data-recalc-dims=\"1\" loading=\"lazy\" decoding=\"async\" data-attachment-id=\"1493\" data-permalink=\"https:\/\/lignesdorages.com\/index.php\/2018\/10\/18\/the-vinland-sagas\/colere1\/\" data-orig-file=\"https:\/\/i0.wp.com\/lignesdorages.com\/wp-content\/uploads\/2018\/10\/col%C3%A8re1.gif?fit=200%2C84&amp;ssl=1\" data-orig-size=\"200,84\" data-comments-opened=\"1\" data-image-meta=\"{&quot;aperture&quot;:&quot;0&quot;,&quot;credit&quot;:&quot;&quot;,&quot;camera&quot;:&quot;&quot;,&quot;caption&quot;:&quot;&quot;,&quot;created_timestamp&quot;:&quot;0&quot;,&quot;copyright&quot;:&quot;&quot;,&quot;focal_length&quot;:&quot;0&quot;,&quot;iso&quot;:&quot;0&quot;,&quot;shutter_speed&quot;:&quot;0&quot;,&quot;title&quot;:&quot;&quot;,&quot;orientation&quot;:&quot;0&quot;}\" data-image-title=\"col\u00e8re1\" data-image-description=\"\" data-image-caption=\"\" data-large-file=\"https:\/\/i0.wp.com\/lignesdorages.com\/wp-content\/uploads\/2018\/10\/col%C3%A8re1.gif?fit=200%2C84&amp;ssl=1\" class=\"aligncenter size-full wp-image-1493\" src=\"https:\/\/i0.wp.com\/lignesdorages.com\/wp-content\/uploads\/2018\/10\/col%C3%A8re1.gif?resize=200%2C84&#038;ssl=1\" alt=\"\" width=\"200\" height=\"84\" \/><\/p>\n<p>Bon du coup ca craint du boudin pour le gars Eirik. Il a bien gagn\u00e9 un petit nom cool (Eirik le Rouge) a force de laisser des cadavres derri\u00e8re lui. Mais en attendant il passe au tribunal et il est bannit, oblig\u00e9 de se casser de l\u2019ile.<\/p>\n<p>Et c\u2019est l\u00e0 qu\u2019il a une id\u00e9e g\u00e9niale : <strong>puisque c\u2019est toujours la merde avec les voisins, il va se trouver en endroit rien qu\u2019\u00e0 lui ou y\u2019a pas de voisin<\/strong>. Alors il monte dans son bateau avec quelques potes et ils partent au Nord Ouest.<\/p>\n<p><img data-recalc-dims=\"1\" loading=\"lazy\" decoding=\"async\" data-attachment-id=\"1488\" data-permalink=\"https:\/\/lignesdorages.com\/index.php\/2018\/10\/18\/the-vinland-sagas\/bato\/\" data-orig-file=\"https:\/\/i0.wp.com\/lignesdorages.com\/wp-content\/uploads\/2018\/10\/bato.gif?fit=200%2C113&amp;ssl=1\" data-orig-size=\"200,113\" data-comments-opened=\"1\" data-image-meta=\"{&quot;aperture&quot;:&quot;0&quot;,&quot;credit&quot;:&quot;&quot;,&quot;camera&quot;:&quot;&quot;,&quot;caption&quot;:&quot;&quot;,&quot;created_timestamp&quot;:&quot;0&quot;,&quot;copyright&quot;:&quot;&quot;,&quot;focal_length&quot;:&quot;0&quot;,&quot;iso&quot;:&quot;0&quot;,&quot;shutter_speed&quot;:&quot;0&quot;,&quot;title&quot;:&quot;&quot;,&quot;orientation&quot;:&quot;0&quot;}\" data-image-title=\"bato\" data-image-description=\"\" data-image-caption=\"\" data-large-file=\"https:\/\/i0.wp.com\/lignesdorages.com\/wp-content\/uploads\/2018\/10\/bato.gif?fit=200%2C113&amp;ssl=1\" class=\"aligncenter size-full wp-image-1488\" src=\"https:\/\/i0.wp.com\/lignesdorages.com\/wp-content\/uploads\/2018\/10\/bato.gif?resize=200%2C113&#038;ssl=1\" alt=\"\" width=\"200\" height=\"113\" \/><\/p>\n<p>Ils finissent par trouver une terre, et y rep\u00e9rer des coins potables pour s\u2019installer. Content de lui il retourne en Islande pour faire venir d\u2019autres potes \u00e0 lui pour coloniser l\u2019endroit. Et comme c\u2019est un malin il d\u00e9cide de les app\u00e2ter avec un nom qui claque et qui fait envie :<\/p>\n<blockquote><p>&#8211; Tiens vla Eirik le rouge, alors t\u2019es revenu ? tu vas buter qui cette fois ?<br \/>\n&#8211; Haha sacr\u00e9 Thormuf, personne nan. J\u2019ai d\u00e9couvert une nouvelle terre, un endroit super, au Nord Ouest d\u2019ici, je cherche des gars solides pour y b\u00e2tir une colonie ca t\u2019int\u00e9resse ?<br \/>\n&#8211; Au Nord Ouest ? putain tu trouves pas qu\u2019on se les cailles suffisamment en Islande qu\u2019est ce que tu va foutre au Nord Ouest ? Doit y\u2019avoir que des putains de gla\u00e7ons ?<br \/>\n&#8211; Nan c\u2019est une terre d\u2019opportunit\u00e9 je te dis, c\u2019est jouli tout plein, y\u2019a euh, y\u2019a de l\u2019herbe qui pousse et tout.<br \/>\n&#8211; Ah ouai ?<br \/>\n&#8211; Bah ouai, m\u00eame que ca s\u2019appelle\u2026 euh\u2026 le\u2026 euh\u2026 le \u00ab Pays Vert \u00bb tiens tu vois que je te dis pas de connerie<br \/>\n&#8211; Ah ouai \u00ab le Pays Vert \u00bb ?<br \/>\n&#8211; Ouai ouai comme je te dit : le Groenland.<\/p><\/blockquote>\n<p><img data-recalc-dims=\"1\" loading=\"lazy\" decoding=\"async\" data-attachment-id=\"1494\" data-permalink=\"https:\/\/lignesdorages.com\/index.php\/2018\/10\/18\/the-vinland-sagas\/legit\/\" data-orig-file=\"https:\/\/i0.wp.com\/lignesdorages.com\/wp-content\/uploads\/2018\/10\/legit.png?fit=500%2C420&amp;ssl=1\" data-orig-size=\"500,420\" data-comments-opened=\"1\" data-image-meta=\"{&quot;aperture&quot;:&quot;0&quot;,&quot;credit&quot;:&quot;&quot;,&quot;camera&quot;:&quot;&quot;,&quot;caption&quot;:&quot;&quot;,&quot;created_timestamp&quot;:&quot;0&quot;,&quot;copyright&quot;:&quot;&quot;,&quot;focal_length&quot;:&quot;0&quot;,&quot;iso&quot;:&quot;0&quot;,&quot;shutter_speed&quot;:&quot;0&quot;,&quot;title&quot;:&quot;&quot;,&quot;orientation&quot;:&quot;0&quot;}\" data-image-title=\"legit\" data-image-description=\"\" data-image-caption=\"\" data-large-file=\"https:\/\/i0.wp.com\/lignesdorages.com\/wp-content\/uploads\/2018\/10\/legit.png?fit=500%2C420&amp;ssl=1\" class=\"aligncenter size-full wp-image-1494\" src=\"https:\/\/i0.wp.com\/lignesdorages.com\/wp-content\/uploads\/2018\/10\/legit.png?resize=500%2C420&#038;ssl=1\" alt=\"\" width=\"500\" height=\"420\" srcset=\"https:\/\/i0.wp.com\/lignesdorages.com\/wp-content\/uploads\/2018\/10\/legit.png?w=500&amp;ssl=1 500w, https:\/\/i0.wp.com\/lignesdorages.com\/wp-content\/uploads\/2018\/10\/legit.png?resize=300%2C252&amp;ssl=1 300w, https:\/\/i0.wp.com\/lignesdorages.com\/wp-content\/uploads\/2018\/10\/legit.png?resize=321%2C270&amp;ssl=1 321w\" sizes=\"auto, (max-width: 500px) 100vw, 500px\" \/><\/p>\n<p>Ouai le mec a invent\u00e9 le marketing.<\/p>\n<h2><span class=\"ez-toc-section\" id=\"Le_Pays_du_Vin\"><\/span>Le Pays du Vin<span class=\"ez-toc-section-end\"><\/span><\/h2>\n<p>C\u2019est donc ainsi <em>(ou peu s\u2019en faut)<\/em> que Eirik le Rouge fonda la colonie du Groenland. Il s\u2019y installe avec ses potes et ses moutons, y fonde sa petite famille et tout le monde est content.<\/p>\n<p>Mais voil\u00e0 les enfants, ca grandit, et les fils d\u2019Eirik sont aussi intr\u00e9pides (<em>ou con<\/em>) que leur vieux p\u00e8re. Du coup quand un marin \u00e0 moiti\u00e9 fou pr\u00e9tend avoir vu dans une temp\u00eate des terres verdoyantes encore plus \u00e0 l\u2019Ouest, le fils d\u2019Eirik se met en t\u00eate de trouver cet endroit.<\/p>\n<p><img data-recalc-dims=\"1\" loading=\"lazy\" decoding=\"async\" data-attachment-id=\"1495\" data-permalink=\"https:\/\/lignesdorages.com\/index.php\/2018\/10\/18\/the-vinland-sagas\/con-de-gosses\/\" data-orig-file=\"https:\/\/i0.wp.com\/lignesdorages.com\/wp-content\/uploads\/2018\/10\/con-de-gosses.gif?fit=245%2C150&amp;ssl=1\" data-orig-size=\"245,150\" data-comments-opened=\"1\" data-image-meta=\"{&quot;aperture&quot;:&quot;0&quot;,&quot;credit&quot;:&quot;&quot;,&quot;camera&quot;:&quot;&quot;,&quot;caption&quot;:&quot;&quot;,&quot;created_timestamp&quot;:&quot;0&quot;,&quot;copyright&quot;:&quot;&quot;,&quot;focal_length&quot;:&quot;0&quot;,&quot;iso&quot;:&quot;0&quot;,&quot;shutter_speed&quot;:&quot;0&quot;,&quot;title&quot;:&quot;&quot;,&quot;orientation&quot;:&quot;0&quot;}\" data-image-title=\"con de gosses\" data-image-description=\"\" data-image-caption=\"\" data-large-file=\"https:\/\/i0.wp.com\/lignesdorages.com\/wp-content\/uploads\/2018\/10\/con-de-gosses.gif?fit=245%2C150&amp;ssl=1\" class=\"aligncenter size-full wp-image-1495\" src=\"https:\/\/i0.wp.com\/lignesdorages.com\/wp-content\/uploads\/2018\/10\/con-de-gosses.gif?resize=245%2C150&#038;ssl=1\" alt=\"\" width=\"245\" height=\"150\" \/><\/p>\n<p>Et effectivement ils trouvent une terre au Sud Ouest du Groenland, et comme ils y ont vaguement trouv\u00e9 des raisins (<em>et qu\u2019ils ont la m\u00eame fibre marketing que leur con de p\u00e8re<\/em>) il d\u00e9cide d\u2019appeler \u00e7a le \u00ab Vinland \u00bb : le pays du Vin.<\/p>\n<p>Forc\u00e9ment avec un nom comme \u00e7a, \u00e7a attire les p\u00e9lots. Les exp\u00e9ditions s\u2019enchainent et une partie de la c\u00f4te est d\u00e9couverte. Un petit campement s\u2019installe m\u00eame de fa\u00e7on un peu durable. Ils ram\u00e8nent des meufs, font des gosses. L\u2019endroit \u00e0 l\u2019air cool.<\/p>\n<p><img data-recalc-dims=\"1\" loading=\"lazy\" decoding=\"async\" data-attachment-id=\"1507\" data-permalink=\"https:\/\/lignesdorages.com\/index.php\/2018\/10\/18\/the-vinland-sagas\/cool\/\" data-orig-file=\"https:\/\/i0.wp.com\/lignesdorages.com\/wp-content\/uploads\/2018\/10\/cool.gif?fit=500%2C281&amp;ssl=1\" data-orig-size=\"500,281\" data-comments-opened=\"1\" data-image-meta=\"{&quot;aperture&quot;:&quot;0&quot;,&quot;credit&quot;:&quot;&quot;,&quot;camera&quot;:&quot;&quot;,&quot;caption&quot;:&quot;&quot;,&quot;created_timestamp&quot;:&quot;0&quot;,&quot;copyright&quot;:&quot;&quot;,&quot;focal_length&quot;:&quot;0&quot;,&quot;iso&quot;:&quot;0&quot;,&quot;shutter_speed&quot;:&quot;0&quot;,&quot;title&quot;:&quot;&quot;,&quot;orientation&quot;:&quot;0&quot;}\" data-image-title=\"cool\" data-image-description=\"\" data-image-caption=\"\" data-large-file=\"https:\/\/i0.wp.com\/lignesdorages.com\/wp-content\/uploads\/2018\/10\/cool.gif?fit=500%2C281&amp;ssl=1\" class=\"aligncenter size-full wp-image-1507\" src=\"https:\/\/i0.wp.com\/lignesdorages.com\/wp-content\/uploads\/2018\/10\/cool.gif?resize=500%2C281&#038;ssl=1\" alt=\"\" width=\"500\" height=\"281\" \/><\/p>\n<p>Sauf que voil\u00e0 un jour, y\u2019a des mecs tout chelou qui parlent bizarre qui d\u00e9barque dans des canoes: des voisins. Alors au d\u00e9but \u00e7a va, on \u00e9change deux trois conneries contre des fourrures, bon \u00e7a va. Et puis forc\u00e9ment \u00e0 un moment \u00e7a part en couille, un des voisins commence \u00e0 engrainer Thorplouf et comme Thorplouf faut pas le chercher, il se mange un coup de hache sur le nez.<\/p>\n<p>Jusque-l\u00e0 bon, c\u2019est pas grave les autres voisins se cassent en courant et puis ca tombe bien ils ont pas d\u2019armes en fer les cons\u2026 C\u2019est \u00e7a tirez-vous bande de nuls haha. C\u2019est le lendemain quand les voisins sont revenus \u00e0 1000 que les mecs ont pig\u00e9 qu\u2019ils avaient fait une boulette.<\/p>\n<p><img data-recalc-dims=\"1\" loading=\"lazy\" decoding=\"async\" data-attachment-id=\"1497\" data-permalink=\"https:\/\/lignesdorages.com\/index.php\/2018\/10\/18\/the-vinland-sagas\/chased-by-natives\/\" data-orig-file=\"https:\/\/i0.wp.com\/lignesdorages.com\/wp-content\/uploads\/2018\/10\/chased-by-natives.gif?fit=480%2C270&amp;ssl=1\" data-orig-size=\"480,270\" data-comments-opened=\"1\" data-image-meta=\"{&quot;aperture&quot;:&quot;0&quot;,&quot;credit&quot;:&quot;&quot;,&quot;camera&quot;:&quot;&quot;,&quot;caption&quot;:&quot;&quot;,&quot;created_timestamp&quot;:&quot;0&quot;,&quot;copyright&quot;:&quot;&quot;,&quot;focal_length&quot;:&quot;0&quot;,&quot;iso&quot;:&quot;0&quot;,&quot;shutter_speed&quot;:&quot;0&quot;,&quot;title&quot;:&quot;&quot;,&quot;orientation&quot;:&quot;0&quot;}\" data-image-title=\"chased by natives\" data-image-description=\"\" data-image-caption=\"\" data-large-file=\"https:\/\/i0.wp.com\/lignesdorages.com\/wp-content\/uploads\/2018\/10\/chased-by-natives.gif?fit=480%2C270&amp;ssl=1\" class=\"aligncenter size-full wp-image-1497\" src=\"https:\/\/i0.wp.com\/lignesdorages.com\/wp-content\/uploads\/2018\/10\/chased-by-natives.gif?resize=480%2C270&#038;ssl=1\" alt=\"\" width=\"480\" height=\"270\" \/><\/p>\n<p>Bon les gars, on oubli le Vinland, trop dangereux, on se tire !<\/p>\n<p>Et c\u2019est ainsi que si une querelle de voisinage avait permis la d\u00e9couverte du Groenland, une querelle de voisinage mettra aussi fin \u00e0 l\u2019extension des fiers et indomptables Hommes du Nord.<\/p>\n<h2><span class=\"ez-toc-section\" id=\"Epilogue\"><\/span>Epilogue<span class=\"ez-toc-section-end\"><\/span><\/h2>\n<p>Finalement c&rsquo;est l&rsquo;echec de la colonisation du Groenland qui fermera d\u00e9finitivement cette possibilit\u00e9 d\u2019atteindre le Vinland. <strong>L&rsquo;effondrement de la colonie du Groenland<\/strong> (qui montait quand m\u00eame autour de 3000 \u00e0 5000 personnes \u00e0 la grande \u00e9poque) est un autre sujet passionnant&#8230; (non couvert par ce livre).<\/p>\n<p>Je te balance quand m\u00eame cette vid\u00e9o qui r\u00e9sume assez bien les choses.<\/p>\n<p><span class=\"embed-youtube\" style=\"text-align:center; display: block;\"><iframe loading=\"lazy\" class=\"youtube-player\" width=\"640\" height=\"360\" src=\"https:\/\/www.youtube.com\/embed\/zGGOddHhFVE?version=3&#038;rel=1&#038;showsearch=0&#038;showinfo=1&#038;iv_load_policy=1&#038;fs=1&#038;hl=fr-FR&#038;autohide=2&#038;wmode=transparent\" allowfullscreen=\"true\" style=\"border:0;\" sandbox=\"allow-scripts allow-same-origin allow-popups allow-presentation allow-popups-to-escape-sandbox\"><\/iframe><\/span><\/p>\n<blockquote><p>Haha, alors ils sont mort parce que face \u00e0 un changement climatique in\u00e9luctable leurs \u00e9lites politiques et religieuses ont refus\u00e9 de modifier leur mode de vie&#8230; qu&rsquo;ils sont cons, c&rsquo;est pas \u00e0 nous que \u00e7a arriverait \u00e7a haha.<\/p><\/blockquote>\n<h1><span class=\"ez-toc-section\" id=\"Histoire_et_Legendes\"><\/span>Histoire et L\u00e9gendes<span class=\"ez-toc-section-end\"><\/span><\/h1>\n<h2><span class=\"ez-toc-section\" id=\"Un_recit_veridique\"><\/span>Un r\u00e9cit v\u00e9ridique ?<span class=\"ez-toc-section-end\"><\/span><\/h2>\n<p>Alors l\u00e0 si tu as bien tout suivi, normalement tu me dis :<\/p>\n<blockquote><p>&#8211; Attends tu dis que l\u2019histoire se passe autour de l\u2019an mille ?<br \/>\n&#8211; Oui<br \/>\n&#8211; Et que \u00e7a a \u00e9t\u00e9 \u00e9crit au 13\u00e8me si\u00e8cle ?<br \/>\n&#8211; Oui<br \/>\n&#8211; Genre pr\u00e8s de 300 ans apr\u00e8s ? c\u2019est fiable ce truc ?<\/p><\/blockquote>\n<p>Et \u00e9videmment c\u2019est une question l\u00e9gitime. <strong>Quelle est la part de r\u00e9alit\u00e9 ?<\/strong> quelle est la part de l\u00e9gende dans ces r\u00e9cits ?<\/p>\n<p>D\u2019apr\u00e8s le livre, la question est assez tranch\u00e9e par l\u2019arch\u00e9ologie : on a trouv\u00e9 des <strong>restes arch\u00e9ologiques<\/strong> qui attestent de la pr\u00e9sence des hommes du nord en Am\u00e9rique du nord, autour de l\u2019an mille. Il reste des incertitudes (et des d\u00e9bats) sur la <strong>localisation exacte<\/strong> des diff\u00e9rentes terres d\u00e9crites dans les sagas.<\/p>\n<p><img data-recalc-dims=\"1\" loading=\"lazy\" decoding=\"async\" data-attachment-id=\"1499\" data-permalink=\"https:\/\/lignesdorages.com\/index.php\/2018\/10\/18\/the-vinland-sagas\/proof\/\" data-orig-file=\"https:\/\/i0.wp.com\/lignesdorages.com\/wp-content\/uploads\/2018\/10\/proof.jpg?fit=659%2C454&amp;ssl=1\" data-orig-size=\"659,454\" data-comments-opened=\"1\" data-image-meta=\"{&quot;aperture&quot;:&quot;0&quot;,&quot;credit&quot;:&quot;&quot;,&quot;camera&quot;:&quot;&quot;,&quot;caption&quot;:&quot;&quot;,&quot;created_timestamp&quot;:&quot;0&quot;,&quot;copyright&quot;:&quot;&quot;,&quot;focal_length&quot;:&quot;0&quot;,&quot;iso&quot;:&quot;0&quot;,&quot;shutter_speed&quot;:&quot;0&quot;,&quot;title&quot;:&quot;&quot;,&quot;orientation&quot;:&quot;1&quot;}\" data-image-title=\"proof\" data-image-description=\"\" data-image-caption=\"\" data-large-file=\"https:\/\/i0.wp.com\/lignesdorages.com\/wp-content\/uploads\/2018\/10\/proof.jpg?fit=640%2C441&amp;ssl=1\" class=\"aligncenter size-full wp-image-1499\" src=\"https:\/\/i0.wp.com\/lignesdorages.com\/wp-content\/uploads\/2018\/10\/proof.jpg?resize=640%2C441&#038;ssl=1\" alt=\"\" width=\"640\" height=\"441\" srcset=\"https:\/\/i0.wp.com\/lignesdorages.com\/wp-content\/uploads\/2018\/10\/proof.jpg?w=659&amp;ssl=1 659w, https:\/\/i0.wp.com\/lignesdorages.com\/wp-content\/uploads\/2018\/10\/proof.jpg?resize=300%2C207&amp;ssl=1 300w, https:\/\/i0.wp.com\/lignesdorages.com\/wp-content\/uploads\/2018\/10\/proof.jpg?resize=392%2C270&amp;ssl=1 392w\" sizes=\"auto, (max-width: 640px) 100vw, 640px\" \/><\/p>\n<p>Les histoires du Vinland ont donc d\u00fb circuler par la tradition orale pendant pr\u00e8s de 3 si\u00e8cles avant d\u2019\u00eatre couch\u00e9 sur le papier.<\/p>\n<h2><span class=\"ez-toc-section\" id=\"La_part_dhistoire\"><\/span>La part d&rsquo;histoire<span class=\"ez-toc-section-end\"><\/span><\/h2>\n<p>C\u2019est pas pour autant que tout est vrai, mais le livre explique que <strong>la part d\u2019invention ne se situe pas forc\u00e9ment o\u00f9 on l\u2019attend.<\/strong><\/p>\n<p>Pour les peuples de tradition orale, les histoires qu\u2019ils se racontent ne sont pas juste l\u00e0 pour se distraire elles servent aussi de <strong>m\u00e9canisme essentiel de conservation et de transmission du savoir.<\/strong> Donc si certaines choses peuvent y \u00eatre invent\u00e9, d\u2019autres ont besoin d\u2019\u00eatre conserv\u00e9es de fa\u00e7on exacte.<\/p>\n<p>Pour un peuple de marin comme les islandais, il ne pouvait pas s\u2019amuser \u00e0 trop raconter de la merde sur les directions \u00e0 prendre, le temps de voyage, o\u00f9 ce qu\u2019on trouvait \u00e0 terre (bois, eau, dangers\u2026). Et \u00e7a explique que m\u00eame si personne n\u2019y \u00e9tait retourn\u00e9 depuis plus de 200 ans, au moments ou ces l\u00e9gendes sont couch\u00e9es par \u00e9crit, les indications restent assez pr\u00e9cises et pas d\u00e9connantes.<\/p>\n<p><img data-recalc-dims=\"1\" loading=\"lazy\" decoding=\"async\" data-attachment-id=\"1503\" data-permalink=\"https:\/\/lignesdorages.com\/index.php\/2018\/10\/18\/the-vinland-sagas\/sunstone\/\" data-orig-file=\"https:\/\/i0.wp.com\/lignesdorages.com\/wp-content\/uploads\/2018\/10\/sunstone.gif?fit=245%2C167&amp;ssl=1\" data-orig-size=\"245,167\" data-comments-opened=\"1\" data-image-meta=\"{&quot;aperture&quot;:&quot;0&quot;,&quot;credit&quot;:&quot;&quot;,&quot;camera&quot;:&quot;&quot;,&quot;caption&quot;:&quot;&quot;,&quot;created_timestamp&quot;:&quot;0&quot;,&quot;copyright&quot;:&quot;&quot;,&quot;focal_length&quot;:&quot;0&quot;,&quot;iso&quot;:&quot;0&quot;,&quot;shutter_speed&quot;:&quot;0&quot;,&quot;title&quot;:&quot;&quot;,&quot;orientation&quot;:&quot;0&quot;}\" data-image-title=\"sunstone\" data-image-description=\"\" data-image-caption=\"\" data-large-file=\"https:\/\/i0.wp.com\/lignesdorages.com\/wp-content\/uploads\/2018\/10\/sunstone.gif?fit=245%2C167&amp;ssl=1\" class=\"aligncenter size-full wp-image-1503\" src=\"https:\/\/i0.wp.com\/lignesdorages.com\/wp-content\/uploads\/2018\/10\/sunstone.gif?resize=245%2C167&#038;ssl=1\" alt=\"\" width=\"245\" height=\"167\" \/><\/p>\n<p>Le message principal des sagas du Vinland est donc : <strong>il y a des terres encore \u00e0 l\u2019ouest du Groenland<\/strong>, l\u2019endroit est pas franchement commode d\u2019acc\u00e8s (naufrages possibles) et m\u00eame si il y a de quoi se mettre bien, <strong>ces terres sont d\u00e9j\u00e0 peupl\u00e9e par des natifs un peu trop nombreux pour qu\u2019on puisse d\u00e9barquer serein.<\/strong><\/p>\n<p>On imagine bien que du coup vu que la colonie du Groenland gal\u00e9rait d\u00e9j\u00e0, les mecs aient l\u00e2ch\u00e9 l\u2019affaire.<\/p>\n<h2><span class=\"ez-toc-section\" id=\"La_part_de_legendes\"><\/span>La part de l\u00e9gendes<span class=\"ez-toc-section-end\"><\/span><\/h2>\n<p>Par contre l\u00e0 o\u00f9 les mecs pouvaient se faire plaisir c\u00f4t\u00e9 imagination c\u2019\u00e9tait sur les d\u00e9tails des personnages : <em>qui a fait quoi \u00e0 qui et avec qui\u2026<\/em><\/p>\n<p>Et en fait ils s\u2019en servent l\u00e0 aussi pour faire passer un message. Les textes qui nous sont parvenus sont tous \u00e9crits par des chr\u00e9tiens. Et du coup <em>bizarrement<\/em> dans le texte <strong>tous les gentils sont de bons chr\u00e9tiens<\/strong> et d\u00e8s qu\u2019on croise un pa\u00efen, \u00e7a manque pas : soit il va lui arriver une merde sur le coin de la gueule, soit c\u2019est un sombre connard (ou les deux).<\/p>\n<p>D\u2019ailleurs histoire d\u2019insister l\u2019histoire des gentils ne se termine pas (spoiler) juste par un <em>\u00ab ils se mari\u00e8rent et eurent beaucoup d\u2019enfants\u2026 \u00bb<\/em> mais par <em>\u00ab ils se mari\u00e8rent et eurent beaucoup d\u2019enfants, et on compte plusieurs \u00e9v\u00eaques dans leur descendance \u00bb<\/em>.<\/p>\n<p>Le message est assez clair ^^<\/p>\n<p><img data-recalc-dims=\"1\" loading=\"lazy\" decoding=\"async\" data-attachment-id=\"1501\" data-permalink=\"https:\/\/lignesdorages.com\/index.php\/2018\/10\/18\/the-vinland-sagas\/bapteme\/\" data-orig-file=\"https:\/\/i0.wp.com\/lignesdorages.com\/wp-content\/uploads\/2018\/10\/bapteme.gif?fit=245%2C160&amp;ssl=1\" data-orig-size=\"245,160\" data-comments-opened=\"1\" data-image-meta=\"{&quot;aperture&quot;:&quot;0&quot;,&quot;credit&quot;:&quot;&quot;,&quot;camera&quot;:&quot;&quot;,&quot;caption&quot;:&quot;&quot;,&quot;created_timestamp&quot;:&quot;0&quot;,&quot;copyright&quot;:&quot;&quot;,&quot;focal_length&quot;:&quot;0&quot;,&quot;iso&quot;:&quot;0&quot;,&quot;shutter_speed&quot;:&quot;0&quot;,&quot;title&quot;:&quot;&quot;,&quot;orientation&quot;:&quot;0&quot;}\" data-image-title=\"bapteme\" data-image-description=\"\" data-image-caption=\"\" data-large-file=\"https:\/\/i0.wp.com\/lignesdorages.com\/wp-content\/uploads\/2018\/10\/bapteme.gif?fit=245%2C160&amp;ssl=1\" class=\"aligncenter size-full wp-image-1501\" src=\"https:\/\/i0.wp.com\/lignesdorages.com\/wp-content\/uploads\/2018\/10\/bapteme.gif?resize=245%2C160&#038;ssl=1\" alt=\"\" width=\"245\" height=\"160\" \/><\/p>\n<p>Ce n\u2019est pas dit dans le livre, mais j\u2019imagine qu\u2019il est pas impossible que <strong>les mecs qui ont \u00e9crit \u00e7a le faisait aussi en partie pour se couvrir<\/strong>. Etre le premier \u00e0 coucher par \u00e9crit les l\u00e9gendes locale des pa\u00efens plut\u00f4t que se contenter de sagement faire des copies de la bible, \u00e7a devait pas forc\u00e9ment \u00eatre une position facile pour un moine et j\u2019imagine qu\u2019ils h\u00e9sitaient pas \u00e0 en rajouter un peu.<\/p>\n<h2><span class=\"ez-toc-section\" id=\"Le_point_de_depart_dune_belle_Uchronie\"><\/span>Le point de d\u00e9part d\u2019une belle Uchronie<span class=\"ez-toc-section-end\"><\/span><\/h2>\n<p>J\u2019ai bien aim\u00e9 la lecture de ce bouquin, \u00e7a se lit bien et assez vite, la langue est facile d\u2019acc\u00e8s et surtout \u00e7a <strong>ouvre de belles portes \u00e0 l\u2019imagination<\/strong>.<\/p>\n<p><strong>Quelle serait la t\u00eate du monde aujourd\u2019hui<\/strong> si les hommes du nord avaient pouss\u00e9 un peu plus loin, s\u2019\u00e9taient \u00e9tabli en am\u00e9rique du nord et avaient commerc\u00e9 avec les premi\u00e8res nations am\u00e9rindiennes ?<\/p>\n<p><span class=\"embed-youtube\" style=\"text-align:center; display: block;\"><iframe loading=\"lazy\" class=\"youtube-player\" width=\"640\" height=\"360\" src=\"https:\/\/www.youtube.com\/embed\/gWhYKXIzmd8?version=3&#038;rel=1&#038;showsearch=0&#038;showinfo=1&#038;iv_load_policy=1&#038;fs=1&#038;hl=fr-FR&#038;autohide=2&#038;wmode=transparent\" allowfullscreen=\"true\" style=\"border:0;\" sandbox=\"allow-scripts allow-same-origin allow-popups allow-presentation allow-popups-to-escape-sandbox\"><\/iframe><\/span><\/p>\n<p><strong>Est-ce qu\u2019on aurait \u00e9viter le massacre g\u00e9n\u00e9ralis\u00e9 ?<\/strong> Ces \u00ab vikings sanguinaires \u00bb du 10\u00e8me si\u00e8cle m\u2019ont l\u2019air quand m\u00eame probablement un peu plus civilis\u00e9s et bien moins totalitaires que les Europ\u00e9ens quelques si\u00e8cles plus tard <em>(meilleur place pour les femmes, fonctionnement plus d\u00e9mocratique, faible intol\u00e9rance religieuse, pas d\u2019imp\u00e9rialisme \u00e9tatique\u2026)<\/em><\/p>\n<p>O\u00f9 est ce que <a href=\"https:\/\/fr.wikipedia.org\/wiki\/Histoire_d%C3%A9mographique_des_Am%C3%A9rindiens#Le_choc_viral_et_bact%C3%A9rien\"><strong>le choc microbien<\/strong><\/a> aurait eu lieu de toute fa\u00e7on, d\u00e9cimant la population autochtone ?<\/p>\n<p>Bref de quoi r\u00eaver un moment.<br \/>\n<span class=\"embed-youtube\" style=\"text-align:center; display: block;\"><iframe loading=\"lazy\" class=\"youtube-player\" width=\"640\" height=\"360\" src=\"https:\/\/www.youtube.com\/embed\/1xTMcIsQgyE?version=3&#038;rel=1&#038;showsearch=0&#038;showinfo=1&#038;iv_load_policy=1&#038;fs=1&#038;hl=fr-FR&#038;autohide=2&#038;wmode=transparent\" allowfullscreen=\"true\" style=\"border:0;\" sandbox=\"allow-scripts allow-same-origin allow-popups allow-presentation allow-popups-to-escape-sandbox\"><\/iframe><\/span><\/p>\n","protected":false},"excerpt":{"rendered":"<p>Le nom des auteurs du livre d\u2019aujourd\u2019hui se perd dans la nuit froide d\u2019un hiver Islandais, alors on met bien ses moufles et on embarque sur un fier navire \u00e0 t\u00eate de drake pour d\u00e9couvrir de nouvelles terres \u00e0 l\u2019Ouest\u2026 Le Livre Les Sagas du Vinland sont deux textes \u00e9crits ind\u00e9pendamment l\u2019un de l\u2019autre au d\u00e9but du XIII\u00e8me si\u00e8cle en Islande. Ils racontent la d\u00e9couverte et les essais d\u2019installations des hommes du nord dans ce qu\u2019ils appellent le Vinland et&#8230;<\/p>\n<p class=\"read-more\"><a class=\"btn btn-default\" href=\"https:\/\/lignesdorages.com\/index.php\/2018\/10\/18\/the-vinland-sagas\/\">Lire la suite<span class=\"screen-reader-text\"> Lire la suite<\/span><\/a><\/p>\n","protected":false},"author":2,"featured_media":1491,"comment_status":"open","ping_status":"open","sticky":false,"template":"","format":"standard","meta":{"jetpack_post_was_ever_published":false,"_jetpack_newsletter_access":"","_jetpack_dont_email_post_to_subs":false,"_jetpack_newsletter_tier_id":0,"_jetpack_memberships_contains_paywalled_content":false,"_jetpack_memberships_contains_paid_content":false,"footnotes":"","jetpack_publicize_message":"","jetpack_publicize_feature_enabled":true,"jetpack_social_post_already_shared":true,"jetpack_social_options":{"image_generator_settings":{"template":"highway","default_image_id":0,"font":"","enabled":false},"version":2}},"categories":[3],"tags":[23,10,11],"class_list":["post-1486","post","type-post","status-publish","format-standard","has-post-thumbnail","hentry","category-liens","tag-archeologie","tag-histoire","tag-livre"],"yoast_head":"<!-- This site is optimized with the Yoast SEO plugin v27.4 - https:\/\/yoast.com\/product\/yoast-seo-wordpress\/ -->\n<title>The Vinland Sagas - Lignes d&#039;Orages<\/title>\n<meta name=\"robots\" content=\"index, follow, max-snippet:-1, max-image-preview:large, max-video-preview:-1\" \/>\n<link rel=\"canonical\" href=\"https:\/\/lignesdorages.com\/index.php\/2018\/10\/18\/the-vinland-sagas\/\" \/>\n<meta property=\"og:locale\" content=\"fr_FR\" \/>\n<meta property=\"og:type\" content=\"article\" \/>\n<meta property=\"og:title\" content=\"The Vinland Sagas - Lignes d&#039;Orages\" \/>\n<meta property=\"og:description\" content=\"Le nom des auteurs du livre d\u2019aujourd\u2019hui se perd dans la nuit froide d\u2019un hiver Islandais, alors on met bien ses moufles et on embarque sur un fier navire \u00e0 t\u00eate de drake pour d\u00e9couvrir de nouvelles terres \u00e0 l\u2019Ouest\u2026 Le Livre Les Sagas du Vinland sont deux textes \u00e9crits ind\u00e9pendamment l\u2019un de l\u2019autre au d\u00e9but du XIII\u00e8me si\u00e8cle en Islande. Ils racontent la d\u00e9couverte et les essais d\u2019installations des hommes du nord dans ce qu\u2019ils appellent le Vinland et...Lire la suite Lire la suite\" \/>\n<meta property=\"og:url\" content=\"https:\/\/lignesdorages.com\/index.php\/2018\/10\/18\/the-vinland-sagas\/\" \/>\n<meta property=\"og:site_name\" content=\"Lignes d&#039;Orages\" \/>\n<meta property=\"article:published_time\" content=\"2018-10-18T08:42:03+00:00\" \/>\n<meta property=\"article:modified_time\" content=\"2018-10-30T09:18:31+00:00\" \/>\n<meta property=\"og:image\" content=\"https:\/\/i0.wp.com\/lignesdorages.com\/wp-content\/uploads\/2018\/10\/vinland.jpg?fit=602%2C604&ssl=1\" \/>\n\t<meta property=\"og:image:width\" content=\"602\" \/>\n\t<meta property=\"og:image:height\" content=\"604\" \/>\n\t<meta property=\"og:image:type\" content=\"image\/jpeg\" \/>\n<meta name=\"author\" content=\"Grain\" \/>\n<meta name=\"twitter:card\" content=\"summary_large_image\" \/>\n<meta name=\"twitter:label1\" content=\"\u00c9crit par\" \/>\n\t<meta name=\"twitter:data1\" content=\"Grain\" \/>\n\t<meta name=\"twitter:label2\" content=\"Dur\u00e9e de lecture estim\u00e9e\" \/>\n\t<meta name=\"twitter:data2\" content=\"11 minutes\" \/>\n<script type=\"application\/ld+json\" class=\"yoast-schema-graph\">{\"@context\":\"https:\\\/\\\/schema.org\",\"@graph\":[{\"@type\":\"Article\",\"@id\":\"https:\\\/\\\/lignesdorages.com\\\/index.php\\\/2018\\\/10\\\/18\\\/the-vinland-sagas\\\/#article\",\"isPartOf\":{\"@id\":\"https:\\\/\\\/lignesdorages.com\\\/index.php\\\/2018\\\/10\\\/18\\\/the-vinland-sagas\\\/\"},\"author\":{\"name\":\"Grain\",\"@id\":\"https:\\\/\\\/lignesdorages.com\\\/#\\\/schema\\\/person\\\/5953ef68d57ef3debfb882a9dcad53d5\"},\"headline\":\"The Vinland Sagas\",\"datePublished\":\"2018-10-18T08:42:03+00:00\",\"dateModified\":\"2018-10-30T09:18:31+00:00\",\"mainEntityOfPage\":{\"@id\":\"https:\\\/\\\/lignesdorages.com\\\/index.php\\\/2018\\\/10\\\/18\\\/the-vinland-sagas\\\/\"},\"wordCount\":2133,\"commentCount\":2,\"publisher\":{\"@id\":\"https:\\\/\\\/lignesdorages.com\\\/#\\\/schema\\\/person\\\/5953ef68d57ef3debfb882a9dcad53d5\"},\"image\":{\"@id\":\"https:\\\/\\\/lignesdorages.com\\\/index.php\\\/2018\\\/10\\\/18\\\/the-vinland-sagas\\\/#primaryimage\"},\"thumbnailUrl\":\"https:\\\/\\\/i0.wp.com\\\/lignesdorages.com\\\/wp-content\\\/uploads\\\/2018\\\/10\\\/vinland.jpg?fit=602%2C604&ssl=1\",\"keywords\":[\"Arch\u00e9ologie\",\"Histoire\",\"Livre\"],\"articleSection\":[\"Lu et Vu\"],\"inLanguage\":\"fr-FR\",\"potentialAction\":[{\"@type\":\"CommentAction\",\"name\":\"Comment\",\"target\":[\"https:\\\/\\\/lignesdorages.com\\\/index.php\\\/2018\\\/10\\\/18\\\/the-vinland-sagas\\\/#respond\"]}]},{\"@type\":\"WebPage\",\"@id\":\"https:\\\/\\\/lignesdorages.com\\\/index.php\\\/2018\\\/10\\\/18\\\/the-vinland-sagas\\\/\",\"url\":\"https:\\\/\\\/lignesdorages.com\\\/index.php\\\/2018\\\/10\\\/18\\\/the-vinland-sagas\\\/\",\"name\":\"The Vinland Sagas - Lignes d&#039;Orages\",\"isPartOf\":{\"@id\":\"https:\\\/\\\/lignesdorages.com\\\/#website\"},\"primaryImageOfPage\":{\"@id\":\"https:\\\/\\\/lignesdorages.com\\\/index.php\\\/2018\\\/10\\\/18\\\/the-vinland-sagas\\\/#primaryimage\"},\"image\":{\"@id\":\"https:\\\/\\\/lignesdorages.com\\\/index.php\\\/2018\\\/10\\\/18\\\/the-vinland-sagas\\\/#primaryimage\"},\"thumbnailUrl\":\"https:\\\/\\\/i0.wp.com\\\/lignesdorages.com\\\/wp-content\\\/uploads\\\/2018\\\/10\\\/vinland.jpg?fit=602%2C604&ssl=1\",\"datePublished\":\"2018-10-18T08:42:03+00:00\",\"dateModified\":\"2018-10-30T09:18:31+00:00\",\"breadcrumb\":{\"@id\":\"https:\\\/\\\/lignesdorages.com\\\/index.php\\\/2018\\\/10\\\/18\\\/the-vinland-sagas\\\/#breadcrumb\"},\"inLanguage\":\"fr-FR\",\"potentialAction\":[{\"@type\":\"ReadAction\",\"target\":[\"https:\\\/\\\/lignesdorages.com\\\/index.php\\\/2018\\\/10\\\/18\\\/the-vinland-sagas\\\/\"]}]},{\"@type\":\"ImageObject\",\"inLanguage\":\"fr-FR\",\"@id\":\"https:\\\/\\\/lignesdorages.com\\\/index.php\\\/2018\\\/10\\\/18\\\/the-vinland-sagas\\\/#primaryimage\",\"url\":\"https:\\\/\\\/i0.wp.com\\\/lignesdorages.com\\\/wp-content\\\/uploads\\\/2018\\\/10\\\/vinland.jpg?fit=602%2C604&ssl=1\",\"contentUrl\":\"https:\\\/\\\/i0.wp.com\\\/lignesdorages.com\\\/wp-content\\\/uploads\\\/2018\\\/10\\\/vinland.jpg?fit=602%2C604&ssl=1\",\"width\":602,\"height\":604},{\"@type\":\"BreadcrumbList\",\"@id\":\"https:\\\/\\\/lignesdorages.com\\\/index.php\\\/2018\\\/10\\\/18\\\/the-vinland-sagas\\\/#breadcrumb\",\"itemListElement\":[{\"@type\":\"ListItem\",\"position\":1,\"name\":\"Accueil\",\"item\":\"https:\\\/\\\/lignesdorages.com\\\/\"},{\"@type\":\"ListItem\",\"position\":2,\"name\":\"The Vinland Sagas\"}]},{\"@type\":\"WebSite\",\"@id\":\"https:\\\/\\\/lignesdorages.com\\\/#website\",\"url\":\"https:\\\/\\\/lignesdorages.com\\\/\",\"name\":\"Lignes d&#039;Orages\",\"description\":\"\",\"publisher\":{\"@id\":\"https:\\\/\\\/lignesdorages.com\\\/#\\\/schema\\\/person\\\/5953ef68d57ef3debfb882a9dcad53d5\"},\"potentialAction\":[{\"@type\":\"SearchAction\",\"target\":{\"@type\":\"EntryPoint\",\"urlTemplate\":\"https:\\\/\\\/lignesdorages.com\\\/?s={search_term_string}\"},\"query-input\":{\"@type\":\"PropertyValueSpecification\",\"valueRequired\":true,\"valueName\":\"search_term_string\"}}],\"inLanguage\":\"fr-FR\"},{\"@type\":[\"Person\",\"Organization\"],\"@id\":\"https:\\\/\\\/lignesdorages.com\\\/#\\\/schema\\\/person\\\/5953ef68d57ef3debfb882a9dcad53d5\",\"name\":\"Grain\",\"image\":{\"@type\":\"ImageObject\",\"inLanguage\":\"fr-FR\",\"@id\":\"https:\\\/\\\/secure.gravatar.com\\\/avatar\\\/a7cbdbf34de80658bc0c637f4c9c1912490efb002e1760a736e9f9d89073c934?s=96&d=mm&r=g\",\"url\":\"https:\\\/\\\/secure.gravatar.com\\\/avatar\\\/a7cbdbf34de80658bc0c637f4c9c1912490efb002e1760a736e9f9d89073c934?s=96&d=mm&r=g\",\"contentUrl\":\"https:\\\/\\\/secure.gravatar.com\\\/avatar\\\/a7cbdbf34de80658bc0c637f4c9c1912490efb002e1760a736e9f9d89073c934?s=96&d=mm&r=g\",\"caption\":\"Grain\"},\"logo\":{\"@id\":\"https:\\\/\\\/secure.gravatar.com\\\/avatar\\\/a7cbdbf34de80658bc0c637f4c9c1912490efb002e1760a736e9f9d89073c934?s=96&d=mm&r=g\"},\"url\":\"https:\\\/\\\/lignesdorages.com\\\/index.php\\\/author\\\/grain\\\/\"}]}<\/script>\n<!-- \/ Yoast SEO plugin. -->","yoast_head_json":{"title":"The Vinland Sagas - Lignes d&#039;Orages","robots":{"index":"index","follow":"follow","max-snippet":"max-snippet:-1","max-image-preview":"max-image-preview:large","max-video-preview":"max-video-preview:-1"},"canonical":"https:\/\/lignesdorages.com\/index.php\/2018\/10\/18\/the-vinland-sagas\/","og_locale":"fr_FR","og_type":"article","og_title":"The Vinland Sagas - Lignes d&#039;Orages","og_description":"Le nom des auteurs du livre d\u2019aujourd\u2019hui se perd dans la nuit froide d\u2019un hiver Islandais, alors on met bien ses moufles et on embarque sur un fier navire \u00e0 t\u00eate de drake pour d\u00e9couvrir de nouvelles terres \u00e0 l\u2019Ouest\u2026 Le Livre Les Sagas du Vinland sont deux textes \u00e9crits ind\u00e9pendamment l\u2019un de l\u2019autre au d\u00e9but du XIII\u00e8me si\u00e8cle en Islande. Ils racontent la d\u00e9couverte et les essais d\u2019installations des hommes du nord dans ce qu\u2019ils appellent le Vinland et...Lire la suite Lire la suite","og_url":"https:\/\/lignesdorages.com\/index.php\/2018\/10\/18\/the-vinland-sagas\/","og_site_name":"Lignes d&#039;Orages","article_published_time":"2018-10-18T08:42:03+00:00","article_modified_time":"2018-10-30T09:18:31+00:00","og_image":[{"width":602,"height":604,"url":"https:\/\/i0.wp.com\/lignesdorages.com\/wp-content\/uploads\/2018\/10\/vinland.jpg?fit=602%2C604&ssl=1","type":"image\/jpeg"}],"author":"Grain","twitter_card":"summary_large_image","twitter_misc":{"\u00c9crit par":"Grain","Dur\u00e9e de lecture estim\u00e9e":"11 minutes"},"schema":{"@context":"https:\/\/schema.org","@graph":[{"@type":"Article","@id":"https:\/\/lignesdorages.com\/index.php\/2018\/10\/18\/the-vinland-sagas\/#article","isPartOf":{"@id":"https:\/\/lignesdorages.com\/index.php\/2018\/10\/18\/the-vinland-sagas\/"},"author":{"name":"Grain","@id":"https:\/\/lignesdorages.com\/#\/schema\/person\/5953ef68d57ef3debfb882a9dcad53d5"},"headline":"The Vinland Sagas","datePublished":"2018-10-18T08:42:03+00:00","dateModified":"2018-10-30T09:18:31+00:00","mainEntityOfPage":{"@id":"https:\/\/lignesdorages.com\/index.php\/2018\/10\/18\/the-vinland-sagas\/"},"wordCount":2133,"commentCount":2,"publisher":{"@id":"https:\/\/lignesdorages.com\/#\/schema\/person\/5953ef68d57ef3debfb882a9dcad53d5"},"image":{"@id":"https:\/\/lignesdorages.com\/index.php\/2018\/10\/18\/the-vinland-sagas\/#primaryimage"},"thumbnailUrl":"https:\/\/i0.wp.com\/lignesdorages.com\/wp-content\/uploads\/2018\/10\/vinland.jpg?fit=602%2C604&ssl=1","keywords":["Arch\u00e9ologie","Histoire","Livre"],"articleSection":["Lu et Vu"],"inLanguage":"fr-FR","potentialAction":[{"@type":"CommentAction","name":"Comment","target":["https:\/\/lignesdorages.com\/index.php\/2018\/10\/18\/the-vinland-sagas\/#respond"]}]},{"@type":"WebPage","@id":"https:\/\/lignesdorages.com\/index.php\/2018\/10\/18\/the-vinland-sagas\/","url":"https:\/\/lignesdorages.com\/index.php\/2018\/10\/18\/the-vinland-sagas\/","name":"The Vinland Sagas - Lignes d&#039;Orages","isPartOf":{"@id":"https:\/\/lignesdorages.com\/#website"},"primaryImageOfPage":{"@id":"https:\/\/lignesdorages.com\/index.php\/2018\/10\/18\/the-vinland-sagas\/#primaryimage"},"image":{"@id":"https:\/\/lignesdorages.com\/index.php\/2018\/10\/18\/the-vinland-sagas\/#primaryimage"},"thumbnailUrl":"https:\/\/i0.wp.com\/lignesdorages.com\/wp-content\/uploads\/2018\/10\/vinland.jpg?fit=602%2C604&ssl=1","datePublished":"2018-10-18T08:42:03+00:00","dateModified":"2018-10-30T09:18:31+00:00","breadcrumb":{"@id":"https:\/\/lignesdorages.com\/index.php\/2018\/10\/18\/the-vinland-sagas\/#breadcrumb"},"inLanguage":"fr-FR","potentialAction":[{"@type":"ReadAction","target":["https:\/\/lignesdorages.com\/index.php\/2018\/10\/18\/the-vinland-sagas\/"]}]},{"@type":"ImageObject","inLanguage":"fr-FR","@id":"https:\/\/lignesdorages.com\/index.php\/2018\/10\/18\/the-vinland-sagas\/#primaryimage","url":"https:\/\/i0.wp.com\/lignesdorages.com\/wp-content\/uploads\/2018\/10\/vinland.jpg?fit=602%2C604&ssl=1","contentUrl":"https:\/\/i0.wp.com\/lignesdorages.com\/wp-content\/uploads\/2018\/10\/vinland.jpg?fit=602%2C604&ssl=1","width":602,"height":604},{"@type":"BreadcrumbList","@id":"https:\/\/lignesdorages.com\/index.php\/2018\/10\/18\/the-vinland-sagas\/#breadcrumb","itemListElement":[{"@type":"ListItem","position":1,"name":"Accueil","item":"https:\/\/lignesdorages.com\/"},{"@type":"ListItem","position":2,"name":"The Vinland Sagas"}]},{"@type":"WebSite","@id":"https:\/\/lignesdorages.com\/#website","url":"https:\/\/lignesdorages.com\/","name":"Lignes d&#039;Orages","description":"","publisher":{"@id":"https:\/\/lignesdorages.com\/#\/schema\/person\/5953ef68d57ef3debfb882a9dcad53d5"},"potentialAction":[{"@type":"SearchAction","target":{"@type":"EntryPoint","urlTemplate":"https:\/\/lignesdorages.com\/?s={search_term_string}"},"query-input":{"@type":"PropertyValueSpecification","valueRequired":true,"valueName":"search_term_string"}}],"inLanguage":"fr-FR"},{"@type":["Person","Organization"],"@id":"https:\/\/lignesdorages.com\/#\/schema\/person\/5953ef68d57ef3debfb882a9dcad53d5","name":"Grain","image":{"@type":"ImageObject","inLanguage":"fr-FR","@id":"https:\/\/secure.gravatar.com\/avatar\/a7cbdbf34de80658bc0c637f4c9c1912490efb002e1760a736e9f9d89073c934?s=96&d=mm&r=g","url":"https:\/\/secure.gravatar.com\/avatar\/a7cbdbf34de80658bc0c637f4c9c1912490efb002e1760a736e9f9d89073c934?s=96&d=mm&r=g","contentUrl":"https:\/\/secure.gravatar.com\/avatar\/a7cbdbf34de80658bc0c637f4c9c1912490efb002e1760a736e9f9d89073c934?s=96&d=mm&r=g","caption":"Grain"},"logo":{"@id":"https:\/\/secure.gravatar.com\/avatar\/a7cbdbf34de80658bc0c637f4c9c1912490efb002e1760a736e9f9d89073c934?s=96&d=mm&r=g"},"url":"https:\/\/lignesdorages.com\/index.php\/author\/grain\/"}]}},"jetpack_publicize_connections":[],"jetpack_featured_media_url":"https:\/\/i0.wp.com\/lignesdorages.com\/wp-content\/uploads\/2018\/10\/vinland.jpg?fit=602%2C604&ssl=1","jetpack_sharing_enabled":true,"jetpack_shortlink":"https:\/\/wp.me\/p7tYAm-nY","jetpack-related-posts":[{"id":3470,"url":"https:\/\/lignesdorages.com\/index.php\/2021\/04\/12\/ondee-25-heritage-blanc-sextoy-sextus-la-chose\/","url_meta":{"origin":1486,"position":0},"title":"[Ond\u00e9e] #25 &#8211; H\u00e9ritage Blanc Sextoy Sextus La Chose","author":"Grain","date":"12 avril 2021","format":false,"excerpt":"Ploum ploum! une nouvelle Ond\u00e9e. Une petite fourn\u00e9e de vid\u00e9os bien sympa. [ToC] Osons Causer - Faut-il supprimer l'h\u00e9ritage Ou\u00e9ch ou\u00e9ch les amis... osons causer c'est une vieille chaine YouTube de gauchiste qui date de l'\u00e9poque des Nuits Debouts. Ca avait un peu perdu d'int\u00e9r\u00eat pour moi, limite caricatural. Mais\u2026","rel":"","context":"Dans &quot;Lu et Vu&quot;","block_context":{"text":"Lu et Vu","link":"https:\/\/lignesdorages.com\/index.php\/category\/liens\/"},"img":{"alt_text":"","src":"https:\/\/i0.wp.com\/lignesdorages.com\/wp-content\/uploads\/2021\/04\/Ondee-25.png?fit=953%2C558&ssl=1&resize=350%2C200","width":350,"height":200,"srcset":"https:\/\/i0.wp.com\/lignesdorages.com\/wp-content\/uploads\/2021\/04\/Ondee-25.png?fit=953%2C558&ssl=1&resize=350%2C200 1x, https:\/\/i0.wp.com\/lignesdorages.com\/wp-content\/uploads\/2021\/04\/Ondee-25.png?fit=953%2C558&ssl=1&resize=525%2C300 1.5x, https:\/\/i0.wp.com\/lignesdorages.com\/wp-content\/uploads\/2021\/04\/Ondee-25.png?fit=953%2C558&ssl=1&resize=700%2C400 2x"},"classes":[]},{"id":3946,"url":"https:\/\/lignesdorages.com\/index.php\/2022\/02\/22\/lady-sapiens-jennifer-kerner-thomas-cirotteau-eric-pincas\/","url_meta":{"origin":1486,"position":1},"title":"Lady Sapiens &#8211; Jennifer Kerner, Thomas Cirotteau, Eric Pincas","author":"Grain","date":"22 f\u00e9vrier 2022","format":false,"excerpt":"Derni\u00e8re lecture en date, Lady Sapiens, un livre sur la condition f\u00e9minine au pal\u00e9olithique \u00e9crit par Jennifer Kerner (que je connaissais surtout pour sa cha\u00eene de vulgarisation\u00a0: Boneless Arch\u00e9ologie), dans le cadre d'un travail collectif plus global (incluant je crois un documentaire mais que je n'ai pas vu). Mon premier\u2026","rel":"","context":"Dans &quot;Lu et Vu&quot;","block_context":{"text":"Lu et Vu","link":"https:\/\/lignesdorages.com\/index.php\/category\/liens\/"},"img":{"alt_text":"","src":"https:\/\/i0.wp.com\/lignesdorages.com\/wp-content\/uploads\/2022\/02\/Lady-Sapiens.png?fit=878%2C879&ssl=1&resize=350%2C200","width":350,"height":200,"srcset":"https:\/\/i0.wp.com\/lignesdorages.com\/wp-content\/uploads\/2022\/02\/Lady-Sapiens.png?fit=878%2C879&ssl=1&resize=350%2C200 1x, https:\/\/i0.wp.com\/lignesdorages.com\/wp-content\/uploads\/2022\/02\/Lady-Sapiens.png?fit=878%2C879&ssl=1&resize=525%2C300 1.5x, https:\/\/i0.wp.com\/lignesdorages.com\/wp-content\/uploads\/2022\/02\/Lady-Sapiens.png?fit=878%2C879&ssl=1&resize=700%2C400 2x"},"classes":[]},{"id":4256,"url":"https:\/\/lignesdorages.com\/index.php\/2022\/09\/20\/au-commencement-etait-david-graeber-david-wengrow-1-3-abattre-les-mythes-sur-les-origines-des-societes\/","url_meta":{"origin":1486,"position":2},"title":"Au commencement \u00e9tait&#8230; \u2013 David Graeber &#038; David Wengrow &#8211; 1\/3 Abattre les mythes sur les origines des soci\u00e9t\u00e9s","author":"Grain","date":"20 septembre 2022","format":false,"excerpt":"Bon, gros morceau\u00a0! voil\u00e0 un livre qui m\u2019aura pris plus longtemps que pr\u00e9vu \u00e0 lire. C\u2019est un ouvrage dense et sourc\u00e9 qui aborde plein d\u2019aspects sur les origines des soci\u00e9t\u00e9s et des id\u00e9es. Je vais n\u00e9anmoins faire de mon mieux pour essayer de coucher par \u00e9crit ce que j\u2019en ai\u2026","rel":"","context":"Dans &quot;Blog&quot;","block_context":{"text":"Blog","link":"https:\/\/lignesdorages.com\/index.php\/category\/blog\/"},"img":{"alt_text":"","src":"https:\/\/i0.wp.com\/lignesdorages.com\/wp-content\/uploads\/2022\/09\/Au-Commencement-Etait-Graever-Wengrow-1.png?fit=1200%2C1157&ssl=1&resize=350%2C200","width":350,"height":200,"srcset":"https:\/\/i0.wp.com\/lignesdorages.com\/wp-content\/uploads\/2022\/09\/Au-Commencement-Etait-Graever-Wengrow-1.png?fit=1200%2C1157&ssl=1&resize=350%2C200 1x, https:\/\/i0.wp.com\/lignesdorages.com\/wp-content\/uploads\/2022\/09\/Au-Commencement-Etait-Graever-Wengrow-1.png?fit=1200%2C1157&ssl=1&resize=525%2C300 1.5x, https:\/\/i0.wp.com\/lignesdorages.com\/wp-content\/uploads\/2022\/09\/Au-Commencement-Etait-Graever-Wengrow-1.png?fit=1200%2C1157&ssl=1&resize=700%2C400 2x, https:\/\/i0.wp.com\/lignesdorages.com\/wp-content\/uploads\/2022\/09\/Au-Commencement-Etait-Graever-Wengrow-1.png?fit=1200%2C1157&ssl=1&resize=1050%2C600 3x"},"classes":[]},{"id":2473,"url":"https:\/\/lignesdorages.com\/index.php\/2019\/11\/22\/ondee-18-monnaie-chasseurs-nager-a-la-hache-travailler\/","url_meta":{"origin":1486,"position":3},"title":"[Ond\u00e9e] #18 Monnaie Chasseurs Nager \u00e0 la Hache Travailler","author":"Grain","date":"22 novembre 2019","format":false,"excerpt":"Allez ! Nouvelle s\u00e9rie de vid\u00e9o, apr\u00e8s une petite pause bien involontaire croyez m'en ! (j'ai d'autres trucs sur le feu, mais j'essaye de revenir vite, promis) Heu?reka - Monnaie, ch\u00f4mage et capitalisme On commence par une vid\u00e9o de l'excellente cha\u00eene Heu?reka (qui traite de finance), cette fois en collaboration\u2026","rel":"","context":"Dans &quot;Lu et Vu&quot;","block_context":{"text":"Lu et Vu","link":"https:\/\/lignesdorages.com\/index.php\/category\/liens\/"},"img":{"alt_text":"","src":"https:\/\/i0.wp.com\/lignesdorages.com\/wp-content\/uploads\/2019\/11\/Ond%C3%A9e-18.jpg?fit=953%2C558&ssl=1&resize=350%2C200","width":350,"height":200,"srcset":"https:\/\/i0.wp.com\/lignesdorages.com\/wp-content\/uploads\/2019\/11\/Ond%C3%A9e-18.jpg?fit=953%2C558&ssl=1&resize=350%2C200 1x, https:\/\/i0.wp.com\/lignesdorages.com\/wp-content\/uploads\/2019\/11\/Ond%C3%A9e-18.jpg?fit=953%2C558&ssl=1&resize=525%2C300 1.5x, https:\/\/i0.wp.com\/lignesdorages.com\/wp-content\/uploads\/2019\/11\/Ond%C3%A9e-18.jpg?fit=953%2C558&ssl=1&resize=700%2C400 2x"},"classes":[]},{"id":1614,"url":"https:\/\/lignesdorages.com\/index.php\/2018\/12\/20\/the-fall-of-gondolin-j-r-r-tolkien\/","url_meta":{"origin":1486,"position":4},"title":"The Fall of Gondolin &#8211; J.R.R. Tolkien","author":"Grain","date":"20 d\u00e9cembre 2018","format":false,"excerpt":"D\u00e9cid\u00e9ment toujours en forme m\u00eame si il est mort depuis plus de 45 ans (vive la n\u00e9cromancie), papi Tolkien continue \u00e0 sortir des bouquins a un rythme plus qu'honorable (prend \u00e7a George RR Martin!).\u00a0 Du coup apr\u00e8s Beren et Luthien, j'ai lu cette ann\u00e9e The Fall of Gondolin, le dernier\u2026","rel":"","context":"Dans &quot;Lu et Vu&quot;","block_context":{"text":"Lu et Vu","link":"https:\/\/lignesdorages.com\/index.php\/category\/liens\/"},"img":{"alt_text":"","src":"https:\/\/i0.wp.com\/lignesdorages.com\/wp-content\/uploads\/2018\/12\/The-Fall-of-Gondolin.jpg?fit=601%2C562&ssl=1&resize=350%2C200","width":350,"height":200,"srcset":"https:\/\/i0.wp.com\/lignesdorages.com\/wp-content\/uploads\/2018\/12\/The-Fall-of-Gondolin.jpg?fit=601%2C562&ssl=1&resize=350%2C200 1x, https:\/\/i0.wp.com\/lignesdorages.com\/wp-content\/uploads\/2018\/12\/The-Fall-of-Gondolin.jpg?fit=601%2C562&ssl=1&resize=525%2C300 1.5x"},"classes":[]},{"id":1101,"url":"https:\/\/lignesdorages.com\/index.php\/2018\/01\/30\/beren-and-luthien-j-r-r-tolkien\/","url_meta":{"origin":1486,"position":5},"title":"Beren and L\u00fathien &#8211; J.R.R. Tolkien","author":"Grain","date":"30 janvier 2018","format":false,"excerpt":"Par del\u00e0 les cavernes de Mandos, le papa de la Fantasy continue de sortir des bouquins! le dernier en date Beren and L\u00fathien est sortie l'ann\u00e9e derni\u00e8re et en bon Tolkien-nerd je me suis jet\u00e9 dessus comme un Nazg\u00fbl sur l'anneau. Le temps que ca rentre dans mon cycle de\u2026","rel":"","context":"Dans &quot;Lu et Vu&quot;","block_context":{"text":"Lu et Vu","link":"https:\/\/lignesdorages.com\/index.php\/category\/liens\/"},"img":{"alt_text":"","src":"https:\/\/i0.wp.com\/lignesdorages.com\/wp-content\/uploads\/2018\/01\/Beren-and-L%C3%B9thien-top.jpg?fit=1200%2C675&ssl=1&resize=350%2C200","width":350,"height":200,"srcset":"https:\/\/i0.wp.com\/lignesdorages.com\/wp-content\/uploads\/2018\/01\/Beren-and-L%C3%B9thien-top.jpg?fit=1200%2C675&ssl=1&resize=350%2C200 1x, https:\/\/i0.wp.com\/lignesdorages.com\/wp-content\/uploads\/2018\/01\/Beren-and-L%C3%B9thien-top.jpg?fit=1200%2C675&ssl=1&resize=525%2C300 1.5x, https:\/\/i0.wp.com\/lignesdorages.com\/wp-content\/uploads\/2018\/01\/Beren-and-L%C3%B9thien-top.jpg?fit=1200%2C675&ssl=1&resize=700%2C400 2x, https:\/\/i0.wp.com\/lignesdorages.com\/wp-content\/uploads\/2018\/01\/Beren-and-L%C3%B9thien-top.jpg?fit=1200%2C675&ssl=1&resize=1050%2C600 3x"},"classes":[]}],"_links":{"self":[{"href":"https:\/\/lignesdorages.com\/index.php\/wp-json\/wp\/v2\/posts\/1486","targetHints":{"allow":["GET"]}}],"collection":[{"href":"https:\/\/lignesdorages.com\/index.php\/wp-json\/wp\/v2\/posts"}],"about":[{"href":"https:\/\/lignesdorages.com\/index.php\/wp-json\/wp\/v2\/types\/post"}],"author":[{"embeddable":true,"href":"https:\/\/lignesdorages.com\/index.php\/wp-json\/wp\/v2\/users\/2"}],"replies":[{"embeddable":true,"href":"https:\/\/lignesdorages.com\/index.php\/wp-json\/wp\/v2\/comments?post=1486"}],"version-history":[{"count":12,"href":"https:\/\/lignesdorages.com\/index.php\/wp-json\/wp\/v2\/posts\/1486\/revisions"}],"predecessor-version":[{"id":1529,"href":"https:\/\/lignesdorages.com\/index.php\/wp-json\/wp\/v2\/posts\/1486\/revisions\/1529"}],"wp:featuredmedia":[{"embeddable":true,"href":"https:\/\/lignesdorages.com\/index.php\/wp-json\/wp\/v2\/media\/1491"}],"wp:attachment":[{"href":"https:\/\/lignesdorages.com\/index.php\/wp-json\/wp\/v2\/media?parent=1486"}],"wp:term":[{"taxonomy":"category","embeddable":true,"href":"https:\/\/lignesdorages.com\/index.php\/wp-json\/wp\/v2\/categories?post=1486"},{"taxonomy":"post_tag","embeddable":true,"href":"https:\/\/lignesdorages.com\/index.php\/wp-json\/wp\/v2\/tags?post=1486"}],"curies":[{"name":"wp","href":"https:\/\/api.w.org\/{rel}","templated":true}]}}