{"id":2964,"date":"2020-11-27T23:07:08","date_gmt":"2020-11-27T22:07:08","guid":{"rendered":"http:\/\/lignesdorages.com\/?p=2964"},"modified":"2022-06-29T10:55:26","modified_gmt":"2022-06-29T08:55:26","slug":"481-888-la-france-avant-la-france-genevieve-buhrer-thierry-charles-meriaux","status":"publish","type":"post","link":"https:\/\/lignesdorages.com\/index.php\/2020\/11\/27\/481-888-la-france-avant-la-france-genevieve-buhrer-thierry-charles-meriaux\/","title":{"rendered":"481-888 La France avant la France &#8211; Genevi\u00e8ve B\u00fchrer-Thierry, Charles M\u00e9riaux."},"content":{"rendered":"\n<p>Si les derniers articles parlaient de <strong>lectures rapides<\/strong>, on est l\u00e0 \u00e0 l\u2019inverse sur un livre qu\u2019il m\u2019aura dur\u00e9 plus d\u2019un an (<em>et l\u2019\u00e9criture de l\u2019article aura, elle aussi, pris une plombe<\/em>). Mais (<em>au moins pour la partie lecture<\/em>) c\u2019\u00e9tait volontaire, je l\u2019ai lu par petite touche et il se pr\u00eate bien \u00e0 ce type de lecture. Et apr\u00e8s tout, pour <strong>couvrir plus de 400 ans d\u2019histoire<\/strong> il faut bien <strong>y passer un peu de temps.<\/strong><\/p>\n\n\n\n<div id=\"ez-toc-container\" class=\"ez-toc-v2_0_82_2 counter-hierarchy ez-toc-counter ez-toc-grey ez-toc-container-direction\">\n<div class=\"ez-toc-title-container\">\n<p class=\"ez-toc-title\" style=\"cursor:inherit\">Table des mati\u00e8res<\/p>\n<span class=\"ez-toc-title-toggle\"><a href=\"#\" class=\"ez-toc-pull-right ez-toc-btn ez-toc-btn-xs ez-toc-btn-default ez-toc-toggle\" aria-label=\"Toggle Table of Content\"><span class=\"ez-toc-js-icon-con\"><span class=\"\"><span class=\"eztoc-hide\" style=\"display:none;\">Toggle<\/span><span class=\"ez-toc-icon-toggle-span\"><svg style=\"fill: #999;color:#999\" xmlns=\"http:\/\/www.w3.org\/2000\/svg\" class=\"list-377408\" width=\"20px\" height=\"20px\" viewBox=\"0 0 24 24\" fill=\"none\"><path d=\"M6 6H4v2h2V6zm14 0H8v2h12V6zM4 11h2v2H4v-2zm16 0H8v2h12v-2zM4 16h2v2H4v-2zm16 0H8v2h12v-2z\" fill=\"currentColor\"><\/path><\/svg><svg style=\"fill: #999;color:#999\" class=\"arrow-unsorted-368013\" xmlns=\"http:\/\/www.w3.org\/2000\/svg\" width=\"10px\" height=\"10px\" viewBox=\"0 0 24 24\" version=\"1.2\" baseProfile=\"tiny\"><path d=\"M18.2 9.3l-6.2-6.3-6.2 6.3c-.2.2-.3.4-.3.7s.1.5.3.7c.2.2.4.3.7.3h11c.3 0 .5-.1.7-.3.2-.2.3-.5.3-.7s-.1-.5-.3-.7zM5.8 14.7l6.2 6.3 6.2-6.3c.2-.2.3-.5.3-.7s-.1-.5-.3-.7c-.2-.2-.4-.3-.7-.3h-11c-.3 0-.5.1-.7.3-.2.2-.3.5-.3.7s.1.5.3.7z\"\/><\/svg><\/span><\/span><\/span><\/a><\/span><\/div>\n<nav><ul class='ez-toc-list ez-toc-list-level-1 ' ><li class='ez-toc-page-1 ez-toc-heading-level-1'><a class=\"ez-toc-link ez-toc-heading-1\" href=\"https:\/\/lignesdorages.com\/index.php\/2020\/11\/27\/481-888-la-france-avant-la-france-genevieve-buhrer-thierry-charles-meriaux\/#Une_collection_superbe\" >Une collection superbe<\/a><\/li><li class='ez-toc-page-1 ez-toc-heading-level-1'><a class=\"ez-toc-link ez-toc-heading-2\" href=\"https:\/\/lignesdorages.com\/index.php\/2020\/11\/27\/481-888-la-france-avant-la-france-genevieve-buhrer-thierry-charles-meriaux\/#Les_Merovingiens_et_la_longue_fin_de_lEmpire_Romain\" >Les M\u00e9rovingiens et la longue fin de l&rsquo;Empire Romain<\/a><ul class='ez-toc-list-level-2' ><li class='ez-toc-heading-level-2'><a class=\"ez-toc-link ez-toc-heading-3\" href=\"https:\/\/lignesdorages.com\/index.php\/2020\/11\/27\/481-888-la-france-avant-la-france-genevieve-buhrer-thierry-charles-meriaux\/#La_continuite_par_les_Barbares\" >La continuit\u00e9 par les Barbares<\/a><\/li><li class='ez-toc-page-1 ez-toc-heading-level-2'><a class=\"ez-toc-link ez-toc-heading-4\" href=\"https:\/\/lignesdorages.com\/index.php\/2020\/11\/27\/481-888-la-france-avant-la-france-genevieve-buhrer-thierry-charles-meriaux\/#La_continuite_par_lEglise\" >La continuit\u00e9 par l&rsquo;Eglise<\/a><\/li><li class='ez-toc-page-1 ez-toc-heading-level-2'><a class=\"ez-toc-link ez-toc-heading-5\" href=\"https:\/\/lignesdorages.com\/index.php\/2020\/11\/27\/481-888-la-france-avant-la-france-genevieve-buhrer-thierry-charles-meriaux\/#La_grande_Faide_Merovingienne\" >La grande Faide M\u00e9rovingienne<\/a><\/li><\/ul><\/li><li class='ez-toc-page-1 ez-toc-heading-level-1'><a class=\"ez-toc-link ez-toc-heading-6\" href=\"https:\/\/lignesdorages.com\/index.php\/2020\/11\/27\/481-888-la-france-avant-la-france-genevieve-buhrer-thierry-charles-meriaux\/#Les_Carolingiens_emergence_et_chute_dun_Empire\" >Les Carolingiens, \u00e9mergence et chute d&rsquo;un Empire<\/a><ul class='ez-toc-list-level-2' ><li class='ez-toc-heading-level-2'><a class=\"ez-toc-link ez-toc-heading-7\" href=\"https:\/\/lignesdorages.com\/index.php\/2020\/11\/27\/481-888-la-france-avant-la-france-genevieve-buhrer-thierry-charles-meriaux\/#Les_Pippinides_a_la_Conquete_du_pouvoir\" >Les Pippinides \u00e0 la Conqu\u00eate du pouvoir<\/a><\/li><li class='ez-toc-page-1 ez-toc-heading-level-2'><a class=\"ez-toc-link ez-toc-heading-8\" href=\"https:\/\/lignesdorages.com\/index.php\/2020\/11\/27\/481-888-la-france-avant-la-france-genevieve-buhrer-thierry-charles-meriaux\/#LAlliance_avec_Rome_un_projet_theocratique\" >L&rsquo;Alliance avec Rome: un projet th\u00e9ocratique<\/a><\/li><li class='ez-toc-page-1 ez-toc-heading-level-2'><a class=\"ez-toc-link ez-toc-heading-9\" href=\"https:\/\/lignesdorages.com\/index.php\/2020\/11\/27\/481-888-la-france-avant-la-france-genevieve-buhrer-thierry-charles-meriaux\/#Un_Empire_qui_ne_tient_pas\" >Un Empire qui ne tient pas<\/a><\/li><\/ul><\/li><li class='ez-toc-page-1 ez-toc-heading-level-1'><a class=\"ez-toc-link ez-toc-heading-10\" href=\"https:\/\/lignesdorages.com\/index.php\/2020\/11\/27\/481-888-la-france-avant-la-france-genevieve-buhrer-thierry-charles-meriaux\/#Un_premier_apercu_de_la_periode\" >Un premier aper\u00e7u de la p\u00e9riode<\/a><ul class='ez-toc-list-level-2' ><li class='ez-toc-heading-level-2'><a class=\"ez-toc-link ez-toc-heading-11\" href=\"https:\/\/lignesdorages.com\/index.php\/2020\/11\/27\/481-888-la-france-avant-la-france-genevieve-buhrer-thierry-charles-meriaux\/#Des_luttes_de_pouvoirs_qui_structurent_la_societe\" >Des luttes de pouvoirs qui structurent la soci\u00e9t\u00e9<\/a><\/li><li class='ez-toc-page-1 ez-toc-heading-level-2'><a class=\"ez-toc-link ez-toc-heading-12\" href=\"https:\/\/lignesdorages.com\/index.php\/2020\/11\/27\/481-888-la-france-avant-la-france-genevieve-buhrer-thierry-charles-meriaux\/#La_mise_en_ordre_de_la_societe\" >La mise en ordre de la soci\u00e9t\u00e9<\/a><\/li><\/ul><\/li><\/ul><\/nav><\/div>\n<h1 class=\"wp-block-heading\"><span class=\"ez-toc-section\" id=\"Une_collection_superbe\"><\/span>Une collection superbe<span class=\"ez-toc-section-end\"><\/span><\/h1>\n\n\n\n<p>Ce livre est le premier de la collection <strong>Histoire de France<\/strong> des \u00e9ditions Belin. C\u2019est <strong>une collection absolument superbe <\/strong>qui pr\u00e9sente l\u2019histoire de France de <strong>481 \u00e0 2005 <\/strong>en treize volumes. Le texte y est accompagn\u00e9 de nombreuses illustrations (cartes, peintures, documents, photo&#8230;) superbement pr\u00e9sent\u00e9. C\u2019est vraiment <strong>un r\u00e9gal \u00e0 feuilleter<\/strong> et je n\u2019ai pas pu r\u00e9sister \u00e0 l\u2019envie de commencer la collec.<\/p>\n\n\n\n<p>D\u2019ailleurs c\u2019est typiquement le genre de livre dont on peut profiter rien qu\u2019en mode <em>\u00ab&nbsp;consultations&nbsp;al\u00e9atoire&nbsp;\u00bb<\/em>, en <strong>piochant un passage ici ou l\u00e0.<\/strong> Enfin, j\u2019essaye quand m\u00eame de lire ces livres de bout en bout. Et au final je regrette pas, c\u2019est vraiment <strong>agr\u00e9able \u00e0 lire par petite touche <\/strong>et les illustrations sont vraiment sympa (du coup, oui j\u2019ai d\u00e9j\u00e0 commenc\u00e9 \u00e0 accumuler la suite pour l\u2019instant jusqu\u2019\u00e0 1453, ce qui devrait d\u00e9j\u00e0 me tenir un moment).<\/p>\n\n\n\n<h1 class=\"wp-block-heading\"><span class=\"ez-toc-section\" id=\"Les_Merovingiens_et_la_longue_fin_de_lEmpire_Romain\"><\/span>Les M\u00e9rovingiens et la longue fin de l&rsquo;Empire Romain<span class=\"ez-toc-section-end\"><\/span><\/h1>\n\n\n\n<p>La premi\u00e8re partie de la p\u00e9riode correspond \u00e0 <strong>l\u2019\u00e9poque des m\u00e9rovingiens<\/strong> (<em>Clovis, Dagobert et compagnie<\/em>), mais plus qu\u2019une rupture nette avec l\u2019Empire on s\u2019aper\u00e7oit en fait que <strong>la transition est lente et diffuse entre le monde antique et le haut moyen \u00e2ge.&nbsp;<\/strong><\/p>\n\n\n\n<h2 class=\"wp-block-heading\"><span class=\"ez-toc-section\" id=\"La_continuite_par_les_Barbares\"><\/span>La continuit\u00e9 par les Barbares<span class=\"ez-toc-section-end\"><\/span><\/h2>\n\n\n\n<p>Paradoxalement <strong>les premiers \u00e9l\u00e9ments de continuit\u00e9 entre l\u2019empire finissant et le haut moyen-\u00e2ge sont les royaumes barbares.<\/strong><\/p>\n\n\n\n<p>Ceux-ci, <strong>loin de se constituer sur des invasions brutales et rapides <\/strong>qui auraient remplac\u00e9 les institutions imp\u00e9riales, font en r\u00e9alit\u00e9 <strong>parti de ces institutions imp\u00e9riales<\/strong>. Les barbares ont rejoint l\u2019Empire Romain comme <strong>mercenaire<\/strong>, ils ont \u00e9t\u00e9 install\u00e9s sur les terres de l\u2019Empire, et la fonction de Roi est avant tout <strong>un titre de chef de guerre donn\u00e9 par le pouvoir Romain<\/strong>.<\/p>\n\n\n\n<p>Je recommande \u00e0 nouveau sur ce sujet <strong>la conf de Bruno Dum\u00e9zil<\/strong> dont <a href=\"https:\/\/lignesdorages.com\/index.php\/2018\/02\/09\/ondee-4-potager-barbares-thorium-gilbert-rubicon\/#Bruno_Dum%C3%A9zil_%E2%80%93_Les_Invasions_Barbares\">j&rsquo;avais parl\u00e9 ici il y a longtemps.<\/a><\/p>\n\n\n\n<figure class=\"wp-block-embed is-type-video is-provider-youtube wp-block-embed-youtube wp-embed-aspect-16-9 wp-has-aspect-ratio\"><div class=\"wp-block-embed__wrapper\">\n<span class=\"embed-youtube\" style=\"text-align:center; display: block;\"><iframe loading=\"lazy\" class=\"youtube-player\" width=\"640\" height=\"360\" src=\"https:\/\/www.youtube.com\/embed\/blLjwpvfGOo?version=3&#038;rel=1&#038;showsearch=0&#038;showinfo=1&#038;iv_load_policy=1&#038;fs=1&#038;hl=fr-FR&#038;autohide=2&#038;wmode=transparent\" allowfullscreen=\"true\" style=\"border:0;\" sandbox=\"allow-scripts allow-same-origin allow-popups allow-presentation allow-popups-to-escape-sandbox\"><\/iframe><\/span>\n<\/div><\/figure>\n\n\n\n<p>Ainsi on a <strong>un empire romain qui se d\u00e9lite peu \u00e0 peu,<\/strong> et des chefs militaires locaux dont l\u2019influence et l\u2019importance augmente petit \u00e0 petit. Mais la base de leur pouvoir et de <strong>leur l\u00e9gitimit\u00e9 vient initialement des accords avec Rome<\/strong>. Et ils s\u2019appuient encore longtemps sur cette base, se voulant <strong>repr\u00e9sentants de l\u2019Empire m\u00eame apr\u00e8s la \u00ab&nbsp;chute&nbsp;\u00bb de Rome<\/strong>. <\/p>\n\n\n\n<p>De leur c\u00f4t\u00e9, <strong>les anciennes \u00e9lites romaines se \u00ab&nbsp;barbarisent&nbsp;\u00bb<\/strong> aussi sans doute pour s\u2019adapter culturellement aux nouveaux repr\u00e9sentants. Si bien que les anciennes et nouvelles \u00e9lites fusionnent.<\/p>\n\n\n\n<h2 class=\"wp-block-heading\"><span class=\"ez-toc-section\" id=\"La_continuite_par_lEglise\"><\/span>La continuit\u00e9 par l&rsquo;Eglise<span class=\"ez-toc-section-end\"><\/span><\/h2>\n\n\n\n<p><strong>L\u2019autre \u00e9l\u00e9ment de continuit\u00e9 c\u2019est l\u2019\u00e9glise.<\/strong><\/p>\n\n\n\n<p>Loin d\u2019une horde de pa\u00efens d\u00e9ferlant sur l\u2019Empire, les rois barbares se sont <strong>converti assez facilement au christianisme<\/strong>, qui pr\u00e9sentait d\u2019<strong>importants avantage politique<\/strong>&nbsp;: religion officielle de l\u2019Empire c\u2019\u00e9tait un <strong>bon moyen d\u2019int\u00e9gration<\/strong> et aussi un <strong>formidable outil de justification du pouvoir royal<\/strong>.<\/p>\n\n\n\n<p>De leur c\u00f4t\u00e9, les anciennes \u00e9lites romaines, ont trouv\u00e9 <strong>dans la fonction d\u2019\u00e9v\u00eaque, une position de pouvoir bien pratique.<\/strong> C\u2019est ainsi que les grandes familles ont rapidement<strong> trust\u00e9 les postes \u00e9piscopaux<\/strong>. Elles s\u2019en sont servi pour prendre <strong>le contr\u00f4le des villes<\/strong>, qui passent \u00e0 priori globalement sous le contr\u00f4le de l\u2019\u00e9v\u00eaque.<\/p>\n\n\n\n<p><strong>Religion des \u00e9lites<\/strong>, le christianisme est peu \u00e0 peu <strong>impos\u00e9 aux campagnes<\/strong>. Mais il est surtout utilis\u00e9 pour <strong>conforter son statut<\/strong>. Il offre du <strong>Capital Symbolique<\/strong> avec la <strong>fondation d\u2019\u00e9glises et de monast\u00e8res<\/strong> qui apporte du pouvoir \u00e0 la famille et m\u00eame la possibilit\u00e9 d\u2019<strong>acc\u00e9der au statut de Saint.<\/strong><\/p>\n\n\n\n<p>Peu \u00e0 peu,<strong> l\u2019\u00e9glise propag\u00e9e par les dominant r\u00e9alise un maillage du territoire<\/strong> et paradoxalement <strong>sape de la puissance royale<\/strong>&nbsp;: monast\u00e8res et \u00e9piscopat \u00e9chappent aux taxes, <strong>affaiblissant en fin de p\u00e9riode les rois M\u00e9rovingien au profit de grande familles nobles.<\/strong><\/p>\n\n\n\n<p>Au final on se retrouve certes avec <strong>un monde transform\u00e9<\/strong> avec des <strong>rois barbares qui assument le pouvoir militaire<\/strong>, qui distribue des terres \u00e0 leur suite et des <strong>\u00e9v\u00eaques qui r\u00e8gnent sur les villes<\/strong>. Mais cela se fait<strong> sans rupture nette et plut\u00f4t en continuit\u00e9 des tendances initi\u00e9s \u00e0 la fin de l\u2019Empire romain<\/strong> (cf.<strong><a href=\"https:\/\/lignesdorages.com\/index.php\/2016\/07\/27\/le-bas-empire-paul-petit\/\" data-type=\"post\" data-id=\"197\"> le bas Empire<\/a><\/strong>).<\/p>\n\n\n\n<h2 class=\"wp-block-heading\"><span class=\"ez-toc-section\" id=\"La_grande_Faide_Merovingienne\"><\/span>La grande Faide M\u00e9rovingienne<span class=\"ez-toc-section-end\"><\/span><\/h2>\n\n\n\n<p>L\u2019autre truc que je retiendrais des M\u00e9rovingiens c\u2019est l<strong>e gros zbeul bien baroque de la grande faide.<\/strong><\/p>\n\n\n\n<p>Je veux dire, sur les M\u00e9rovingiens, on a tous plus ou moins en t\u00eate <strong>le bapt\u00eame de Clovis, \u00e9ventuellement Dagobert et le coup des rois fain\u00e9ants<\/strong>, mais pourtant c\u2019est vraiment laiss\u00e9 de c\u00f4t\u00e9 l<strong>a partie la plus fun de l\u2019histoire<\/strong>. A savoir la <strong>m\u00e9ga guerre civile, sur fond d\u2019assassinats, de guerre fratricide et de reines badass<\/strong><\/p>\n\n\n<div class=\"wp-block-image\">\n<figure class=\"aligncenter size-large\"><img data-recalc-dims=\"1\" loading=\"lazy\" decoding=\"async\" width=\"640\" height=\"462\" data-attachment-id=\"2969\" data-permalink=\"https:\/\/lignesdorages.com\/index.php\/2020\/11\/27\/481-888-la-france-avant-la-france-genevieve-buhrer-thierry-charles-meriaux\/emmanuel_herman_joseph_wallet_-_fredegonde_armant_les_meurtriers_de_sigebert\/\" data-orig-file=\"https:\/\/i0.wp.com\/lignesdorages.com\/wp-content\/uploads\/2020\/11\/Emmanuel_Herman_Joseph_Wallet_-_Fredegonde_armant_les_meurtriers_de_Sigebert.jpg?fit=668%2C482&amp;ssl=1\" data-orig-size=\"668,482\" data-comments-opened=\"1\" data-image-meta=\"{&quot;aperture&quot;:&quot;0&quot;,&quot;credit&quot;:&quot;&quot;,&quot;camera&quot;:&quot;&quot;,&quot;caption&quot;:&quot;&quot;,&quot;created_timestamp&quot;:&quot;0&quot;,&quot;copyright&quot;:&quot;&quot;,&quot;focal_length&quot;:&quot;0&quot;,&quot;iso&quot;:&quot;0&quot;,&quot;shutter_speed&quot;:&quot;0&quot;,&quot;title&quot;:&quot;&quot;,&quot;orientation&quot;:&quot;0&quot;}\" data-image-title=\"Emmanuel_Herman_Joseph_Wallet_-_Fredegonde_armant_les_meurtriers_de_Sigebert\" data-image-description=\"\" data-image-caption=\"\" data-large-file=\"https:\/\/i0.wp.com\/lignesdorages.com\/wp-content\/uploads\/2020\/11\/Emmanuel_Herman_Joseph_Wallet_-_Fredegonde_armant_les_meurtriers_de_Sigebert.jpg?fit=640%2C462&amp;ssl=1\" src=\"https:\/\/i0.wp.com\/lignesdorages.com\/wp-content\/uploads\/2020\/11\/Emmanuel_Herman_Joseph_Wallet_-_Fredegonde_armant_les_meurtriers_de_Sigebert.jpg?resize=640%2C462&#038;ssl=1\" alt=\"\" class=\"wp-image-2969\" srcset=\"https:\/\/i0.wp.com\/lignesdorages.com\/wp-content\/uploads\/2020\/11\/Emmanuel_Herman_Joseph_Wallet_-_Fredegonde_armant_les_meurtriers_de_Sigebert.jpg?w=668&amp;ssl=1 668w, https:\/\/i0.wp.com\/lignesdorages.com\/wp-content\/uploads\/2020\/11\/Emmanuel_Herman_Joseph_Wallet_-_Fredegonde_armant_les_meurtriers_de_Sigebert.jpg?resize=300%2C216&amp;ssl=1 300w, https:\/\/i0.wp.com\/lignesdorages.com\/wp-content\/uploads\/2020\/11\/Emmanuel_Herman_Joseph_Wallet_-_Fredegonde_armant_les_meurtriers_de_Sigebert.jpg?resize=374%2C270&amp;ssl=1 374w\" sizes=\"auto, (max-width: 640px) 100vw, 640px\" \/><\/figure>\n<\/div>\n\n\n<p>En gros le truc commence quand <strong>le bon roi Chilp\u00e9ric fait \u00e9gorger sa meuf <\/strong>pour \u00e9pouser sa maitresse, la jolie <strong>Fr\u00e9d\u00e9gonde <\/strong>(ah oui les pr\u00e9noms m\u00e9rovingiens c\u2019est tout un kif). <\/p>\n\n\n\n<p>Mais voil\u00e0 la gonz qu\u2019il a but\u00e9 c\u2019est la s\u0153ur de la meuf de son frangin Sigebert, la fameuse Brunehaut. A partir de l\u00e0 bah \u00e7a part en couille pour <strong>40 piges de guerre civile. <\/strong><\/p>\n\n\n\n<p>Le plus marquant dans cette histoire c\u2019est vraiment <strong>la rivalit\u00e9 entre les deux reines,<\/strong> qui apr\u00e8s avoir <strong>fait assassiner leurs maris respectifs<\/strong>, continuent en enr\u00f4lant dans le combat<strong> leurs fils<\/strong>, puis <strong>leurs petits fils<\/strong>. <\/p>\n\n\n\n<p>A ce titre c\u2019est <strong>Brunehaut qui remporte la palme<\/strong> jusqu\u2019\u00e0 ce que les nobles en aient marre et qu\u2019elle finisse supplici\u00e9e, \u00e9cartel\u00e9, d\u00e9membr\u00e9e, br\u00fbl\u00e9e et enterr\u00e9 religieusement dans un monast\u00e8re (<em>ouai j\u2019ai pas pig\u00e9 si \u00e7a faisait partie de la punition<\/em>).<\/p>\n\n\n\n<h1 class=\"wp-block-heading\"><span class=\"ez-toc-section\" id=\"Les_Carolingiens_emergence_et_chute_dun_Empire\"><\/span>Les Carolingiens, \u00e9mergence et chute d&rsquo;un Empire<span class=\"ez-toc-section-end\"><\/span><\/h1>\n\n\n\n<p>Viennent ensuite les Carolingiens, qui <strong>s&rsquo;installent, ont de grandes ambitions imp\u00e9riale&#8230; qui finissent en fait un peu \u00e0 l&rsquo;eau <\/strong>car leur Empire ne s&rsquo;appuie que sur <strong>une aristocratie qui exploitera d\u00e8s que possible l&rsquo;occasion de leur piquer le pouvoir. <\/strong><\/p>\n\n\n\n<h2 class=\"wp-block-heading\"><span class=\"ez-toc-section\" id=\"Les_Pippinides_a_la_Conquete_du_pouvoir\"><\/span>Les Pippinides \u00e0 la Conqu\u00eate du pouvoir<span class=\"ez-toc-section-end\"><\/span><\/h2>\n\n\n\n<p>Je le disais plus haut. Peu \u00e0 peu <strong>le pouvoir des rois m\u00e9rovingiens s\u2019effrite.<\/strong> Forc\u00e9ment quand la base de ton pouvoir c\u2019est <strong>ta capacit\u00e9 \u00e0 distribuer des biens aux autres<\/strong> et qu\u2019ils peuvent ensuite mettre ces biens hors de port\u00e9 en les donnant \u00e0 l\u2019\u00e9glise. Il arrive un moment o\u00f9 <strong>t\u2019as plus grand-chose \u00e0 donner.<\/strong><\/p>\n\n\n\n<p>Sur la fin de la p\u00e9riode M\u00e9rovingienne c\u2019est donc <strong>les grandes familles qui g\u00e8rent le game.<\/strong> Et notamment <strong>la famille des Pipinnide<\/strong>, qui petit \u00e0 petit s\u2019assure une <strong>place de premier plan<\/strong>. <strong>P\u00e9pin 2 <\/strong>prend le pouvoir effectif sur la Francie <strong>rel\u00e9guant le roi \u00e0 un r\u00f4le tr\u00e8s subalterne<\/strong>, puis <strong>Charles Martel<\/strong> \u00e9tend son pouvoir sur <strong>l\u2019Aquitaine et la Provence<\/strong> (<em>les bails avec les Arabes \u00e0 Poitiers, c&rsquo;est surtout pour piquer l&rsquo;Aquitaine<\/em>).<\/p>\n\n\n<div class=\"wp-block-image\">\n<figure class=\"aligncenter size-large\"><img data-recalc-dims=\"1\" loading=\"lazy\" decoding=\"async\" width=\"640\" height=\"677\" data-attachment-id=\"2972\" data-permalink=\"https:\/\/lignesdorages.com\/index.php\/2020\/11\/27\/481-888-la-france-avant-la-france-genevieve-buhrer-thierry-charles-meriaux\/france-a-la-mort-de-charles-martel\/\" data-orig-file=\"https:\/\/i0.wp.com\/lignesdorages.com\/wp-content\/uploads\/2020\/11\/France-a-la-mort-de-Charles-Martel.png?fit=1941%2C2053&amp;ssl=1\" data-orig-size=\"1941,2053\" data-comments-opened=\"1\" data-image-meta=\"{&quot;aperture&quot;:&quot;0&quot;,&quot;credit&quot;:&quot;&quot;,&quot;camera&quot;:&quot;&quot;,&quot;caption&quot;:&quot;&quot;,&quot;created_timestamp&quot;:&quot;0&quot;,&quot;copyright&quot;:&quot;&quot;,&quot;focal_length&quot;:&quot;0&quot;,&quot;iso&quot;:&quot;0&quot;,&quot;shutter_speed&quot;:&quot;0&quot;,&quot;title&quot;:&quot;&quot;,&quot;orientation&quot;:&quot;0&quot;}\" data-image-title=\"France-a-la-mort-de-Charles-Martel\" data-image-description=\"\" data-image-caption=\"\" data-large-file=\"https:\/\/i0.wp.com\/lignesdorages.com\/wp-content\/uploads\/2020\/11\/France-a-la-mort-de-Charles-Martel.png?fit=640%2C677&amp;ssl=1\" src=\"https:\/\/i0.wp.com\/lignesdorages.com\/wp-content\/uploads\/2020\/11\/France-a-la-mort-de-Charles-Martel.png?resize=640%2C677&#038;ssl=1\" alt=\"\" class=\"wp-image-2972\" srcset=\"https:\/\/i0.wp.com\/lignesdorages.com\/wp-content\/uploads\/2020\/11\/France-a-la-mort-de-Charles-Martel.png?resize=968%2C1024&amp;ssl=1 968w, https:\/\/i0.wp.com\/lignesdorages.com\/wp-content\/uploads\/2020\/11\/France-a-la-mort-de-Charles-Martel.png?resize=284%2C300&amp;ssl=1 284w, https:\/\/i0.wp.com\/lignesdorages.com\/wp-content\/uploads\/2020\/11\/France-a-la-mort-de-Charles-Martel.png?resize=768%2C812&amp;ssl=1 768w, https:\/\/i0.wp.com\/lignesdorages.com\/wp-content\/uploads\/2020\/11\/France-a-la-mort-de-Charles-Martel.png?resize=1452%2C1536&amp;ssl=1 1452w, https:\/\/i0.wp.com\/lignesdorages.com\/wp-content\/uploads\/2020\/11\/France-a-la-mort-de-Charles-Martel.png?resize=1936%2C2048&amp;ssl=1 1936w, https:\/\/i0.wp.com\/lignesdorages.com\/wp-content\/uploads\/2020\/11\/France-a-la-mort-de-Charles-Martel.png?resize=255%2C270&amp;ssl=1 255w, https:\/\/i0.wp.com\/lignesdorages.com\/wp-content\/uploads\/2020\/11\/France-a-la-mort-de-Charles-Martel.png?w=1941&amp;ssl=1 1941w, https:\/\/i0.wp.com\/lignesdorages.com\/wp-content\/uploads\/2020\/11\/France-a-la-mort-de-Charles-Martel.png?w=1280&amp;ssl=1 1280w\" sizes=\"auto, (max-width: 640px) 100vw, 640px\" \/><\/figure>\n<\/div>\n\n\n<p>Ce pouvoir est <strong>bas\u00e9 sur les liens de vassalit\u00e9<\/strong> (<em>qui ont bien \u00e9volu\u00e9 depuis l\u2019\u00e9poque de la \u00ab&nbsp;client\u00e8le&nbsp;\u00bb romaine<\/em>) pour devenir un <strong>truc prestigieux ou tout le monde est vassal de tout le monde<\/strong>. Et pour s\u2019assurer leur fid\u00e9lit\u00e9, <strong>Charles redistribue des biens \u00e0 ses vassaux<\/strong>. <\/p>\n\n\n\t<div class=\"wp-block-jetpack-gif aligncenter\">\n\t\t<figure>\n\t\t\t\t\t\t\t<div class=\"wp-block-jetpack-gif-wrapper\" style=\"padding-top:65%\">\n\t\t\t\t\t<iframe src=\"https:\/\/giphy.com\/embed\/ZC0ATzzJnKqn2SNDHR\" title=\"clever\"><\/iframe>\n\t\t\t\t<\/div>\n\t\t\t\t\t\t\t\t<\/figure>\n\t<\/div>\n\t\n\n\n<p>Mais <strong>malin<\/strong>, pour \u00e7a <strong>il confisque pas mal de biens de l\u2019\u00e9glise<\/strong> (<em>il fut d\u2019ailleurs pour \u00e7a condamn\u00e9 \u00e0 l\u2019enfer par les \u00e9v\u00eaques de l\u2019\u00e9poque<\/em>).<\/p>\n\n\n\n<p>Enfin c\u2019est <strong>P\u00e9pin 3, le fils de Charles Martel qui acc\u00e8de le premier \u00e0 la dignit\u00e9 de roi.<\/strong> Eduqu\u00e9 au Monast\u00e8re, il en profite pour <strong>r\u00e9gler les d\u00e9saccords entre sa famille et l\u2019\u00e9glise. <\/strong>C\u2019est un deal avec le pape qui le permettra&nbsp;: <em>\u00ab&nbsp;tu m\u2019aides contre les lombards et en \u00e9change je te fais roi&nbsp;\u00bb<\/em>.<\/p>\n\n\n\n<h2 class=\"wp-block-heading\"><span class=\"ez-toc-section\" id=\"LAlliance_avec_Rome_un_projet_theocratique\"><\/span>L&rsquo;Alliance avec Rome: un projet th\u00e9ocratique<span class=\"ez-toc-section-end\"><\/span><\/h2>\n\n\n\n<p>Et de fait <strong>la royaut\u00e9 Carolingienne apparait comme un projet presque th\u00e9ocratique<\/strong>. Le livre parle <strong><em>\u00ab&nbsp;d\u2019une soci\u00e9t\u00e9 qui se pense comme une \u00e9glise&nbsp;\u00bb<\/em><\/strong>. Le pouvoir de la royaut\u00e9 est <strong>justifi\u00e9 par l\u2019\u00e9glise<\/strong>, et en retour <strong>l\u2019\u00e9glise est plus unifi\u00e9e et les \u00e9v\u00eaques mis au pas<\/strong>. En somme <strong>une alliance du roi et du pape contre les grands.<\/strong><\/p>\n\n\n\n<p>Pour r\u00e9gler <strong>le probl\u00e8me des terres confisqu\u00e9es par Charles Martel<\/strong>, on trouve un arrangement&nbsp;: l\u2019\u00e9glise redevient la propri\u00e9taire officielle, mais les nobles en garde le pouvoir et les b\u00e9n\u00e9fices. En contrepartie de quoi est cr\u00e9\u00e9 <strong>un petit imp\u00f4t de 10% sur tout, qui revient \u00e0 l\u2019\u00e9glise<\/strong>&nbsp;: voil\u00e0 <strong>la dime<\/strong> qui perdurera jusqu\u2019\u00e0 la r\u00e9volution.<\/p>\n\n\n<div class=\"wp-block-image\">\n<figure class=\"aligncenter\"><img decoding=\"async\" src=\"https:\/\/qph.fs.quoracdn.net\/main-qimg-ec61a2d09839dabadc68bb4a636b3ef7\" alt=\"\"\/><\/figure>\n<\/div>\n\n\n<p>L\u2019\u00e9glise est aussi <strong>plus unifi\u00e9e<\/strong>, avec une <strong>liturgie unique, <\/strong>sous <strong>la direction de Rome<\/strong> (<em>l\u00e0 ou apparemment, auparavant les Ev\u00eaques pouvait faire un peu leur sauce locale<\/em>). <\/p>\n\n\n\n<p><strong>Les religieux s\u2019imposent aussi dans l\u2019entourage du roi <\/strong>puis de l\u2019empereur comme <strong>organisateurs et justificateurs du pouvoir royal<\/strong>. <\/p>\n\n\n\n<p><strong>Charlemagne, le fils de P\u00e9pin<\/strong> s\u2019inscrira dans une <strong>totale continuit\u00e9 de ce point de vue-l\u00e0<\/strong>. Il renouvelle l\u2019alliance avec le pape, remet une branl\u00e9e au lombard et obtiens son couronnement comme Empereur. <\/p>\n\n\n\n<p>On notera tout de m\u00eame avec amusement <strong>le petit coup de pute du pape L\u00e9on 3 <\/strong>qui couronne Charles avant le rituel de l\u2019acclamation (<em>qui d\u00e9signait les empereurs romains<\/em>), devenant ainsi <strong>le faiseur de roi officiel<\/strong> (<em>\u00e0 priori ce n\u2019\u00e9tait pas tout \u00e0 fait pr\u00e9vu dans cet ordre et Charles a bien eu les glandes<\/em>). M\u00eame s\u2019il y a alliance entre Rome et le roi, <strong>chacun joue son int\u00e9r\u00eat<\/strong>.&nbsp;<\/p>\n\n\n\n<h2 class=\"wp-block-heading\"><span class=\"ez-toc-section\" id=\"Un_Empire_qui_ne_tient_pas\"><\/span>Un Empire qui ne tient pas<span class=\"ez-toc-section-end\"><\/span><\/h2>\n\n\n\n<p>Les m\u00e9rovingiens <strong>nous avaient r\u00e9gal\u00e9 en guerre fratricide avec la grande Fa\u00efde M\u00e9rovingienne<\/strong>. Mais les Caroligiens, <em>tout cul-b\u00e9ni qu\u2019ils sont<\/em>, ne sont pas en reste. Et c\u2019est <strong>Louis le Pieu, fils de Charlemagne qui r\u00e9gale avec sa guerre de succession.<\/strong><\/p>\n\n\n\n<p>A la mort de son P\u00e8re Charlemagne <strong>c\u2019est lui le seul fils vivant, donc il rafle la mise sans difficult\u00e9. <\/strong>Il se dit qu\u2019il va assurer le coup et <strong>pr\u00e9pare sa succession avec ses fils<\/strong>. Mais \u00e7a foire,<strong> nouvelle femme, nouveau fils, toi m\u00eame tu sais&#8230; <\/strong>tr\u00e8s vite \u00e7a part en fight et toute la famille se met sur la tronche.<\/p>\n\n\n\n<p>A partir de l\u00e0, <strong>s\u2019en est fini de l\u2019unit\u00e9 de l\u2019Empire<\/strong>. La partie occidentale, qui deviendra le royaume de France est r\u00e9cup\u00e9r\u00e9e par <strong>Charles le Chauve<\/strong>, et il a de quoi s\u2019occuper&nbsp;: <strong>invasion des vikings, guerre avec les bretons et les aquitains.<\/strong><\/p>\n\n\n<div class=\"wp-block-image\">\n<figure class=\"aligncenter\"><img decoding=\"async\" src=\"https:\/\/upload.wikimedia.org\/wikipedia\/commons\/thumb\/3\/38\/Verdun_Treaty_843.svg\/1200px-Verdun_Treaty_843.svg.png\" alt=\"\"\/><\/figure>\n<\/div>\n\n\n<p>Mais c\u2019est surtout <strong>la s\u00e9paration des aristocratie locales entre les diff\u00e9rents royaumes Francs qui signera la s\u00e9paration entre les royaumes.<\/strong> Autant jusque-l\u00e0, les grands propri\u00e9taires avaient des terres r\u00e9parties un peu partout dans l\u2019empire, autant apr\u00e8s la guerre civile, <strong>les terres ont \u00e9t\u00e9 regroup\u00e9es, \u00e9chang\u00e9es et les aristocraties deviennent plus locales \u00e0 chacun des royaumes.<\/strong><\/p>\n\n\n\n<p>Cette <strong>consolidation des aristocraties locales<\/strong> se traduira, \u00e0 la mort de Charles et des fils, par un basculement dans une nouvelle p\u00e9riode&nbsp;: <strong>la f\u00e9odalit\u00e9, ou les aristocrates prennent de fait le pouvoir au d\u00e9triment de la puissance royale.<\/strong><\/p>\n\n\n\n<h1 class=\"wp-block-heading\"><span class=\"ez-toc-section\" id=\"Un_premier_apercu_de_la_periode\"><\/span>Un premier aper\u00e7u de la p\u00e9riode<span class=\"ez-toc-section-end\"><\/span><\/h1>\n\n\n\n<p>Voil\u00e0 en gros <strong>ce que j\u2019ai retenu de cette p\u00e9riode.<\/strong> C\u2019est sans doute tr\u00e8s incomplet et partiel, mais ca doit donner une premi\u00e8re id\u00e9e de la p\u00e9riode. Ce qui ressort pour moi, \u00e0 la lecture de ce livre, <strong>c\u2019est l\u2019importance des luttes de pouvoirs<\/strong> entre grands et <strong>la transformation de la soci\u00e9t\u00e9<\/strong> pour cristalliser les <strong>3 ordres typiques du moyen \u00e2ge<\/strong> (et qui dureront jusqu\u2019\u00e0 la r\u00e9volution).<\/p>\n\n\n\n<h2 class=\"wp-block-heading\"><span class=\"ez-toc-section\" id=\"Des_luttes_de_pouvoirs_qui_structurent_la_societe\"><\/span>Des luttes de pouvoirs qui structurent la soci\u00e9t\u00e9<span class=\"ez-toc-section-end\"><\/span><\/h2>\n\n\n\n<p><strong>La lutte de pouvoir entre les grands est \u00e9videmment omnipr\u00e9sente<\/strong>. Mais c\u2019est surtout <strong>l\u2019articulation de ces luttes<\/strong>, entre Rois et Aristocrates, Ev\u00eaques et Papes que j\u2019ai trouv\u00e9 int\u00e9ressante. On l\u2019a vu cela donne lieu \u00e0 des alliances et des mouvements. Je balance \u00e7a un peu en vrac mais \u00e7a m\u2019a vraiment donn\u00e9 l\u2019impression de <strong>flux et reflux de concentration du pouvoir.<\/strong><\/p>\n\n\n\n<ul class=\"wp-block-list\"><li><strong>Le pouvoir royal<\/strong> \u00e9merge comme l\u00e9gitime car issus des <strong>anciens cadres militaires de l\u2019empire romain<\/strong>, ayant le pouvoir militaire, il s\u2019impose comme seul autorit\u00e9 l\u00e9gitime par la force.<\/li><li><strong>L\u2019\u00e9glise aussi est h\u00e9riti\u00e8re de l\u2019empire <\/strong>et face au roi, le pouvoir \u00e9piscopale peut constituer <strong>une alternative de pouvoir local<\/strong>, par leur contr\u00f4le sur les villes, permettant <strong>aux grandes familles <\/strong>de s\u2019\u00e9manciper du contr\u00f4le royal.<\/li><li><strong>Le pouvoir royale ne peut s\u2019appuyer que sur celui de puissantes familles, vassaux dont il faut s\u2019assurer la fid\u00e9lit\u00e9 par des dons.<\/strong><\/li><li>Petit \u00e0 petit <strong>les charges donn\u00e9es par le roi deviennent h\u00e9r\u00e9ditaires<\/strong> et une <strong>\u00e9lite aristocratique et cosmopolite \u00e9merge <\/strong>avec un patrimoine foncier r\u00e9parti sur tout l\u2019empire. L&#8217;empire est un r\u00e9seau de famille interconnect\u00e9 qui maille le territoire.<\/li><li>C\u2019est un truc <strong>d\u00e9licat \u00e0 g\u00e9rer<\/strong>, puisque si on donne trop on se retrouve \u00e0 oilp\u00e9 (<em>comme les derniers m\u00e9rovingiens<\/em>) et la solution habile (<em>celle de Charles Martel<\/em>) sera de <strong>donner des trucs qui ne sont pas \u00e0 soi<\/strong>. Il y a un tr\u00e8s bon exemple de \u00e7a dans <strong><a href=\"https:\/\/twitter.com\/PMedievistes\/status\/1326831751663132677\">ce r\u00e9cent Thread Twitter<\/a><\/strong><\/li><li><strong>L\u2019\u00e9glise mets petit \u00e0 petit des interdits (polygamie, remariage, inceste) <\/strong>qui r\u00e9pondent vaguement \u00e0 des besoins moraux mais qui sont aussi <strong>une bonne occas pour r\u00e9cup\u00e9rer les biens des nobles sans enfants l\u00e9gitimes.<\/strong><\/li><li>Le roi veut <strong>reprendre le contr\u00f4le sur les pouvoirs des \u00e9v\u00eaques <\/strong>et impose <strong>des Comtes qui peuvent contrer ce pouvoir \u00e0 l\u2019\u00e9chelon local.<\/strong><\/li><li>Mais <strong>les comtes aussi doivent \u00eatre contr\u00f4l\u00e9, <\/strong>alors on leur adjoint des <strong>\u00e9chevins<\/strong> et on leur envoi des <strong>missi dominici<\/strong>&nbsp;<\/li><li>L\u2019\u00e9mergence des <strong>Monast\u00e8res,<\/strong> est aussi une fa\u00e7on de <strong>contrer le pouvoir des \u00e9v\u00eaques et des comtes<\/strong> avec des <strong>abb\u00e9s nomm\u00e9s par le roi<\/strong>. Et certains monast\u00e8res n\u2019h\u00e9sitent pas \u00e0 fabriquer de faux documents pour justifier de leur ind\u00e9pendance.<\/li><li>Et enfin c\u2019est <strong>l\u2019alliance du roi avec le pape <\/strong>qui permet<strong> la hi\u00e9rarchisation de toute la soci\u00e9t\u00e9 <\/strong>et fournit une <strong>v\u00e9ritable id\u00e9ologie<\/strong>&nbsp;: &nbsp;<strong>l\u2019ordre de la soci\u00e9t\u00e9 est divin et immuable, les charges sont un minist\u00e8re pour dieu.<\/strong><\/li><li>A la fin de la p\u00e9riode c&rsquo;est l<strong>&lsquo;articulation de ces pouvoirs locaux avec le pouvoir royal qui change = f\u00e9odalit\u00e9<\/strong>.&nbsp;<\/li><\/ul>\n\n\n\n<p>Je trouve que cette p\u00e9riode est int\u00e9ressante pour \u00e7a&nbsp;: <strong>comprendre comment ces jeux de pouvoirs vont d\u00e9boucher sur la structure sociale qui r\u00e9gira la soci\u00e9t\u00e9 pendant quasiment les 1000 prochaines ann\u00e9es<\/strong>. <\/p>\n\n\n\n<p>Certaines solutions (comme la dime) \u00e0 des conflits entre les diff\u00e9rents \u00e9chelons de pouvoirs resteront en place et <strong>deviendront des trucs super stable<\/strong> alors qu\u2019\u00e0 la base \u00e7a ressemblait plus \u00e0 <strong>un arrangement n\u00e9goci\u00e9 un peu vite sur un coin de table.<\/strong><\/p>\n\n\n\n<h2 class=\"wp-block-heading\"><span class=\"ez-toc-section\" id=\"La_mise_en_ordre_de_la_societe\"><\/span>La mise en ordre de la soci\u00e9t\u00e9<span class=\"ez-toc-section-end\"><\/span><\/h2>\n\n\n\n<p>Evidemment cette <strong>mise en ordre de la soci\u00e9t\u00e9<\/strong> \u00e0 coup d\u2019arrangement entre les diff\u00e9rents puissants <strong>se fait sur le dos des petits.<\/strong><\/p>\n\n\n<div class=\"wp-block-image\">\n<figure class=\"aligncenter is-resized\"><img data-recalc-dims=\"1\" loading=\"lazy\" decoding=\"async\" src=\"https:\/\/i0.wp.com\/4.bp.blogspot.com\/-4_OFN2mVA58\/VdTsWPPnDXI\/AAAAAAAACN8\/846TBs_fyZw\/s1600\/IMG_3483.jpg?resize=457%2C589&#038;ssl=1\" alt=\"\ud30c\ub9ac\uc5ed\uc0ac\ubc15\ubb3c\uad00 Mus\u00e9e Carnavalet: \uacf5\uc2dd \ud504\ub791\uc2a4 \ud601\uba85\uc0ac\ub97c \ud55c \ub208\uc5d0 (2019\ub144\uae4c\uc9c0 \ud734\uad00)\" width=\"457\" height=\"589\"\/><\/figure>\n<\/div>\n\n\n<p>C\u2019est l\u2019\u00e9mergence de <strong>grands domaines<\/strong> qui appartiennent au seigneur. Mais vu qu\u2019il ne peut pas tout exploiter par lui-m\u00eame, <strong>il distribue des terres (les manses) \u00e0 des paysans libres ou serviles <\/strong>qui peuvent l&rsquo;exploiter pour leur famille mais qui <strong>doivent la corv\u00e9e au seigneur <\/strong>(corv\u00e9e plus importante pour les serviles)&nbsp;<\/p>\n\n\n\n<p>Les hommes libres petit propri\u00e9taires doivent <strong>le service \u00e0 l&rsquo;arm\u00e9e<\/strong>, mais ils courent le risque de <strong>devoir se mettre sous la protection d&rsquo;un grand<\/strong>, perdant \u00e0 terme <strong>leur propri\u00e9t\u00e9<\/strong> et potentiellement <strong>leur statut d&rsquo;hommes libre.&nbsp;<\/strong><\/p>\n\n\n\n<p>On observe donc une <strong>concentration des propri\u00e9t\u00e9s <\/strong>et une <strong>accaparation de plus en plus importante des ressources. <\/strong>Comme <strong>l\u2019acc\u00e8s aux for\u00eat nourrici\u00e8res<\/strong>, qui sont encore accessible sur cette p\u00e9riode pour les hommes libres, mais qui <strong>deviendront bient\u00f4t la chasse gard\u00e9e des nobles<\/strong>.<\/p>\n\n\n\n<p>On sent aussi que <strong>l\u2019utilisation massive de la religion comme outil pour justifier, centraliser et sacralis\u00e9 le pouvoir des dominants <\/strong>va bien peser lourd dans les si\u00e8cles \u00e0 venir. <strong>Surtout pour ceux, h\u00e9r\u00e9tiques, pa\u00efens, ou juifs qui n\u2019\u00e9tant pas dans la chr\u00e9tient\u00e9,<\/strong> ne peuvent <strong>pas vraiment \u00eatre dans cette \u00ab\u00a0soci\u00e9t\u00e9 qui se pense comme une \u00e9glise\u00a0\u00bb.<\/strong><\/p>\n\n\n<div class=\"wp-block-image\">\n<figure class=\"aligncenter\"><img data-recalc-dims=\"1\" decoding=\"async\" src=\"https:\/\/i0.wp.com\/marvelll.fr\/wp-content\/uploads\/2016\/01\/kaamelott-elie-semoun-au-bucher.gif?w=640\" alt=\"R3E: Mise \u00e0 jour du 18-11-2016 - RacingFR\"\/><\/figure>\n<\/div>\n\n\n<p><\/p>\n","protected":false},"excerpt":{"rendered":"<p>Si les derniers articles parlaient de lectures rapides, on est l\u00e0 \u00e0 l\u2019inverse sur un livre qu\u2019il m\u2019aura dur\u00e9 plus d\u2019un an (et l\u2019\u00e9criture de l\u2019article aura, elle aussi, pris une plombe). Mais (au moins pour la partie lecture) c\u2019\u00e9tait volontaire, je l\u2019ai lu par petite touche et il se pr\u00eate bien \u00e0 ce type de lecture. Et apr\u00e8s tout, pour couvrir plus de 400 ans d\u2019histoire il faut bien y passer un peu de temps. Une collection superbe Ce&#8230;<\/p>\n<p class=\"read-more\"><a class=\"btn btn-default\" href=\"https:\/\/lignesdorages.com\/index.php\/2020\/11\/27\/481-888-la-france-avant-la-france-genevieve-buhrer-thierry-charles-meriaux\/\">Lire la suite<span class=\"screen-reader-text\"> Lire la suite<\/span><\/a><\/p>\n","protected":false},"author":2,"featured_media":2965,"comment_status":"open","ping_status":"open","sticky":false,"template":"","format":"standard","meta":{"jetpack_post_was_ever_published":false,"_jetpack_newsletter_access":"","_jetpack_dont_email_post_to_subs":false,"_jetpack_newsletter_tier_id":0,"_jetpack_memberships_contains_paywalled_content":false,"_jetpack_memberships_contains_paid_content":false,"footnotes":"","jetpack_publicize_message":"","jetpack_publicize_feature_enabled":true,"jetpack_social_post_already_shared":true,"jetpack_social_options":{"image_generator_settings":{"template":"highway","default_image_id":0,"font":"","enabled":false},"version":2}},"categories":[3],"tags":[10,11],"class_list":["post-2964","post","type-post","status-publish","format-standard","has-post-thumbnail","hentry","category-liens","tag-histoire","tag-livre"],"yoast_head":"<!-- This site is optimized with the Yoast SEO plugin v27.4 - https:\/\/yoast.com\/product\/yoast-seo-wordpress\/ -->\n<title>481-888 La France avant la France - Genevi\u00e8ve B\u00fchrer-Thierry, Charles M\u00e9riaux. - Lignes d&#039;Orages<\/title>\n<meta name=\"robots\" content=\"index, follow, max-snippet:-1, max-image-preview:large, max-video-preview:-1\" \/>\n<link rel=\"canonical\" href=\"https:\/\/lignesdorages.com\/index.php\/2020\/11\/27\/481-888-la-france-avant-la-france-genevieve-buhrer-thierry-charles-meriaux\/\" \/>\n<meta property=\"og:locale\" content=\"fr_FR\" \/>\n<meta property=\"og:type\" content=\"article\" \/>\n<meta property=\"og:title\" content=\"481-888 La France avant la France - Genevi\u00e8ve B\u00fchrer-Thierry, Charles M\u00e9riaux. - Lignes d&#039;Orages\" \/>\n<meta property=\"og:description\" content=\"Si les derniers articles parlaient de lectures rapides, on est l\u00e0 \u00e0 l\u2019inverse sur un livre qu\u2019il m\u2019aura dur\u00e9 plus d\u2019un an (et l\u2019\u00e9criture de l\u2019article aura, elle aussi, pris une plombe). Mais (au moins pour la partie lecture) c\u2019\u00e9tait volontaire, je l\u2019ai lu par petite touche et il se pr\u00eate bien \u00e0 ce type de lecture. Et apr\u00e8s tout, pour couvrir plus de 400 ans d\u2019histoire il faut bien y passer un peu de temps. Une collection superbe Ce...Lire la suite Lire la suite\" \/>\n<meta property=\"og:url\" content=\"https:\/\/lignesdorages.com\/index.php\/2020\/11\/27\/481-888-la-france-avant-la-france-genevieve-buhrer-thierry-charles-meriaux\/\" \/>\n<meta property=\"og:site_name\" content=\"Lignes d&#039;Orages\" \/>\n<meta property=\"article:published_time\" content=\"2020-11-27T22:07:08+00:00\" \/>\n<meta property=\"article:modified_time\" content=\"2022-06-29T08:55:26+00:00\" \/>\n<meta property=\"og:image\" content=\"https:\/\/lignesdorages.com\/wp-content\/uploads\/2020\/11\/481-888-La-France-Avant-La-France.jpg\" \/>\n\t<meta property=\"og:image:width\" content=\"601\" \/>\n\t<meta property=\"og:image:height\" content=\"602\" \/>\n\t<meta property=\"og:image:type\" content=\"image\/jpeg\" \/>\n<meta name=\"author\" content=\"Grain\" \/>\n<meta name=\"twitter:card\" content=\"summary_large_image\" \/>\n<meta name=\"twitter:label1\" content=\"\u00c9crit par\" \/>\n\t<meta name=\"twitter:data1\" content=\"Grain\" \/>\n\t<meta name=\"twitter:label2\" content=\"Dur\u00e9e de lecture estim\u00e9e\" \/>\n\t<meta name=\"twitter:data2\" content=\"15 minutes\" \/>\n<script type=\"application\/ld+json\" class=\"yoast-schema-graph\">{\"@context\":\"https:\\\/\\\/schema.org\",\"@graph\":[{\"@type\":\"Article\",\"@id\":\"https:\\\/\\\/lignesdorages.com\\\/index.php\\\/2020\\\/11\\\/27\\\/481-888-la-france-avant-la-france-genevieve-buhrer-thierry-charles-meriaux\\\/#article\",\"isPartOf\":{\"@id\":\"https:\\\/\\\/lignesdorages.com\\\/index.php\\\/2020\\\/11\\\/27\\\/481-888-la-france-avant-la-france-genevieve-buhrer-thierry-charles-meriaux\\\/\"},\"author\":{\"name\":\"Grain\",\"@id\":\"https:\\\/\\\/lignesdorages.com\\\/#\\\/schema\\\/person\\\/5953ef68d57ef3debfb882a9dcad53d5\"},\"headline\":\"481-888 La France avant la France &#8211; Genevi\u00e8ve B\u00fchrer-Thierry, Charles M\u00e9riaux.\",\"datePublished\":\"2020-11-27T22:07:08+00:00\",\"dateModified\":\"2022-06-29T08:55:26+00:00\",\"mainEntityOfPage\":{\"@id\":\"https:\\\/\\\/lignesdorages.com\\\/index.php\\\/2020\\\/11\\\/27\\\/481-888-la-france-avant-la-france-genevieve-buhrer-thierry-charles-meriaux\\\/\"},\"wordCount\":2878,\"commentCount\":2,\"publisher\":{\"@id\":\"https:\\\/\\\/lignesdorages.com\\\/#\\\/schema\\\/person\\\/5953ef68d57ef3debfb882a9dcad53d5\"},\"image\":{\"@id\":\"https:\\\/\\\/lignesdorages.com\\\/index.php\\\/2020\\\/11\\\/27\\\/481-888-la-france-avant-la-france-genevieve-buhrer-thierry-charles-meriaux\\\/#primaryimage\"},\"thumbnailUrl\":\"https:\\\/\\\/i0.wp.com\\\/lignesdorages.com\\\/wp-content\\\/uploads\\\/2020\\\/11\\\/481-888-La-France-Avant-La-France.jpg?fit=601%2C602&ssl=1\",\"keywords\":[\"Histoire\",\"Livre\"],\"articleSection\":[\"Lu et Vu\"],\"inLanguage\":\"fr-FR\",\"potentialAction\":[{\"@type\":\"CommentAction\",\"name\":\"Comment\",\"target\":[\"https:\\\/\\\/lignesdorages.com\\\/index.php\\\/2020\\\/11\\\/27\\\/481-888-la-france-avant-la-france-genevieve-buhrer-thierry-charles-meriaux\\\/#respond\"]}]},{\"@type\":\"WebPage\",\"@id\":\"https:\\\/\\\/lignesdorages.com\\\/index.php\\\/2020\\\/11\\\/27\\\/481-888-la-france-avant-la-france-genevieve-buhrer-thierry-charles-meriaux\\\/\",\"url\":\"https:\\\/\\\/lignesdorages.com\\\/index.php\\\/2020\\\/11\\\/27\\\/481-888-la-france-avant-la-france-genevieve-buhrer-thierry-charles-meriaux\\\/\",\"name\":\"481-888 La France avant la France - Genevi\u00e8ve B\u00fchrer-Thierry, Charles M\u00e9riaux. - Lignes d&#039;Orages\",\"isPartOf\":{\"@id\":\"https:\\\/\\\/lignesdorages.com\\\/#website\"},\"primaryImageOfPage\":{\"@id\":\"https:\\\/\\\/lignesdorages.com\\\/index.php\\\/2020\\\/11\\\/27\\\/481-888-la-france-avant-la-france-genevieve-buhrer-thierry-charles-meriaux\\\/#primaryimage\"},\"image\":{\"@id\":\"https:\\\/\\\/lignesdorages.com\\\/index.php\\\/2020\\\/11\\\/27\\\/481-888-la-france-avant-la-france-genevieve-buhrer-thierry-charles-meriaux\\\/#primaryimage\"},\"thumbnailUrl\":\"https:\\\/\\\/i0.wp.com\\\/lignesdorages.com\\\/wp-content\\\/uploads\\\/2020\\\/11\\\/481-888-La-France-Avant-La-France.jpg?fit=601%2C602&ssl=1\",\"datePublished\":\"2020-11-27T22:07:08+00:00\",\"dateModified\":\"2022-06-29T08:55:26+00:00\",\"breadcrumb\":{\"@id\":\"https:\\\/\\\/lignesdorages.com\\\/index.php\\\/2020\\\/11\\\/27\\\/481-888-la-france-avant-la-france-genevieve-buhrer-thierry-charles-meriaux\\\/#breadcrumb\"},\"inLanguage\":\"fr-FR\",\"potentialAction\":[{\"@type\":\"ReadAction\",\"target\":[\"https:\\\/\\\/lignesdorages.com\\\/index.php\\\/2020\\\/11\\\/27\\\/481-888-la-france-avant-la-france-genevieve-buhrer-thierry-charles-meriaux\\\/\"]}]},{\"@type\":\"ImageObject\",\"inLanguage\":\"fr-FR\",\"@id\":\"https:\\\/\\\/lignesdorages.com\\\/index.php\\\/2020\\\/11\\\/27\\\/481-888-la-france-avant-la-france-genevieve-buhrer-thierry-charles-meriaux\\\/#primaryimage\",\"url\":\"https:\\\/\\\/i0.wp.com\\\/lignesdorages.com\\\/wp-content\\\/uploads\\\/2020\\\/11\\\/481-888-La-France-Avant-La-France.jpg?fit=601%2C602&ssl=1\",\"contentUrl\":\"https:\\\/\\\/i0.wp.com\\\/lignesdorages.com\\\/wp-content\\\/uploads\\\/2020\\\/11\\\/481-888-La-France-Avant-La-France.jpg?fit=601%2C602&ssl=1\",\"width\":601,\"height\":602},{\"@type\":\"BreadcrumbList\",\"@id\":\"https:\\\/\\\/lignesdorages.com\\\/index.php\\\/2020\\\/11\\\/27\\\/481-888-la-france-avant-la-france-genevieve-buhrer-thierry-charles-meriaux\\\/#breadcrumb\",\"itemListElement\":[{\"@type\":\"ListItem\",\"position\":1,\"name\":\"Accueil\",\"item\":\"https:\\\/\\\/lignesdorages.com\\\/\"},{\"@type\":\"ListItem\",\"position\":2,\"name\":\"481-888 La France avant la France &#8211; Genevi\u00e8ve B\u00fchrer-Thierry, Charles M\u00e9riaux.\"}]},{\"@type\":\"WebSite\",\"@id\":\"https:\\\/\\\/lignesdorages.com\\\/#website\",\"url\":\"https:\\\/\\\/lignesdorages.com\\\/\",\"name\":\"Lignes d&#039;Orages\",\"description\":\"\",\"publisher\":{\"@id\":\"https:\\\/\\\/lignesdorages.com\\\/#\\\/schema\\\/person\\\/5953ef68d57ef3debfb882a9dcad53d5\"},\"potentialAction\":[{\"@type\":\"SearchAction\",\"target\":{\"@type\":\"EntryPoint\",\"urlTemplate\":\"https:\\\/\\\/lignesdorages.com\\\/?s={search_term_string}\"},\"query-input\":{\"@type\":\"PropertyValueSpecification\",\"valueRequired\":true,\"valueName\":\"search_term_string\"}}],\"inLanguage\":\"fr-FR\"},{\"@type\":[\"Person\",\"Organization\"],\"@id\":\"https:\\\/\\\/lignesdorages.com\\\/#\\\/schema\\\/person\\\/5953ef68d57ef3debfb882a9dcad53d5\",\"name\":\"Grain\",\"image\":{\"@type\":\"ImageObject\",\"inLanguage\":\"fr-FR\",\"@id\":\"https:\\\/\\\/secure.gravatar.com\\\/avatar\\\/a7cbdbf34de80658bc0c637f4c9c1912490efb002e1760a736e9f9d89073c934?s=96&d=mm&r=g\",\"url\":\"https:\\\/\\\/secure.gravatar.com\\\/avatar\\\/a7cbdbf34de80658bc0c637f4c9c1912490efb002e1760a736e9f9d89073c934?s=96&d=mm&r=g\",\"contentUrl\":\"https:\\\/\\\/secure.gravatar.com\\\/avatar\\\/a7cbdbf34de80658bc0c637f4c9c1912490efb002e1760a736e9f9d89073c934?s=96&d=mm&r=g\",\"caption\":\"Grain\"},\"logo\":{\"@id\":\"https:\\\/\\\/secure.gravatar.com\\\/avatar\\\/a7cbdbf34de80658bc0c637f4c9c1912490efb002e1760a736e9f9d89073c934?s=96&d=mm&r=g\"},\"url\":\"https:\\\/\\\/lignesdorages.com\\\/index.php\\\/author\\\/grain\\\/\"}]}<\/script>\n<!-- \/ Yoast SEO plugin. -->","yoast_head_json":{"title":"481-888 La France avant la France - Genevi\u00e8ve B\u00fchrer-Thierry, Charles M\u00e9riaux. - Lignes d&#039;Orages","robots":{"index":"index","follow":"follow","max-snippet":"max-snippet:-1","max-image-preview":"max-image-preview:large","max-video-preview":"max-video-preview:-1"},"canonical":"https:\/\/lignesdorages.com\/index.php\/2020\/11\/27\/481-888-la-france-avant-la-france-genevieve-buhrer-thierry-charles-meriaux\/","og_locale":"fr_FR","og_type":"article","og_title":"481-888 La France avant la France - Genevi\u00e8ve B\u00fchrer-Thierry, Charles M\u00e9riaux. - Lignes d&#039;Orages","og_description":"Si les derniers articles parlaient de lectures rapides, on est l\u00e0 \u00e0 l\u2019inverse sur un livre qu\u2019il m\u2019aura dur\u00e9 plus d\u2019un an (et l\u2019\u00e9criture de l\u2019article aura, elle aussi, pris une plombe). Mais (au moins pour la partie lecture) c\u2019\u00e9tait volontaire, je l\u2019ai lu par petite touche et il se pr\u00eate bien \u00e0 ce type de lecture. Et apr\u00e8s tout, pour couvrir plus de 400 ans d\u2019histoire il faut bien y passer un peu de temps. Une collection superbe Ce...Lire la suite Lire la suite","og_url":"https:\/\/lignesdorages.com\/index.php\/2020\/11\/27\/481-888-la-france-avant-la-france-genevieve-buhrer-thierry-charles-meriaux\/","og_site_name":"Lignes d&#039;Orages","article_published_time":"2020-11-27T22:07:08+00:00","article_modified_time":"2022-06-29T08:55:26+00:00","og_image":[{"width":601,"height":602,"url":"https:\/\/lignesdorages.com\/wp-content\/uploads\/2020\/11\/481-888-La-France-Avant-La-France.jpg","type":"image\/jpeg"}],"author":"Grain","twitter_card":"summary_large_image","twitter_misc":{"\u00c9crit par":"Grain","Dur\u00e9e de lecture estim\u00e9e":"15 minutes"},"schema":{"@context":"https:\/\/schema.org","@graph":[{"@type":"Article","@id":"https:\/\/lignesdorages.com\/index.php\/2020\/11\/27\/481-888-la-france-avant-la-france-genevieve-buhrer-thierry-charles-meriaux\/#article","isPartOf":{"@id":"https:\/\/lignesdorages.com\/index.php\/2020\/11\/27\/481-888-la-france-avant-la-france-genevieve-buhrer-thierry-charles-meriaux\/"},"author":{"name":"Grain","@id":"https:\/\/lignesdorages.com\/#\/schema\/person\/5953ef68d57ef3debfb882a9dcad53d5"},"headline":"481-888 La France avant la France &#8211; Genevi\u00e8ve B\u00fchrer-Thierry, Charles M\u00e9riaux.","datePublished":"2020-11-27T22:07:08+00:00","dateModified":"2022-06-29T08:55:26+00:00","mainEntityOfPage":{"@id":"https:\/\/lignesdorages.com\/index.php\/2020\/11\/27\/481-888-la-france-avant-la-france-genevieve-buhrer-thierry-charles-meriaux\/"},"wordCount":2878,"commentCount":2,"publisher":{"@id":"https:\/\/lignesdorages.com\/#\/schema\/person\/5953ef68d57ef3debfb882a9dcad53d5"},"image":{"@id":"https:\/\/lignesdorages.com\/index.php\/2020\/11\/27\/481-888-la-france-avant-la-france-genevieve-buhrer-thierry-charles-meriaux\/#primaryimage"},"thumbnailUrl":"https:\/\/i0.wp.com\/lignesdorages.com\/wp-content\/uploads\/2020\/11\/481-888-La-France-Avant-La-France.jpg?fit=601%2C602&ssl=1","keywords":["Histoire","Livre"],"articleSection":["Lu et Vu"],"inLanguage":"fr-FR","potentialAction":[{"@type":"CommentAction","name":"Comment","target":["https:\/\/lignesdorages.com\/index.php\/2020\/11\/27\/481-888-la-france-avant-la-france-genevieve-buhrer-thierry-charles-meriaux\/#respond"]}]},{"@type":"WebPage","@id":"https:\/\/lignesdorages.com\/index.php\/2020\/11\/27\/481-888-la-france-avant-la-france-genevieve-buhrer-thierry-charles-meriaux\/","url":"https:\/\/lignesdorages.com\/index.php\/2020\/11\/27\/481-888-la-france-avant-la-france-genevieve-buhrer-thierry-charles-meriaux\/","name":"481-888 La France avant la France - Genevi\u00e8ve B\u00fchrer-Thierry, Charles M\u00e9riaux. - Lignes d&#039;Orages","isPartOf":{"@id":"https:\/\/lignesdorages.com\/#website"},"primaryImageOfPage":{"@id":"https:\/\/lignesdorages.com\/index.php\/2020\/11\/27\/481-888-la-france-avant-la-france-genevieve-buhrer-thierry-charles-meriaux\/#primaryimage"},"image":{"@id":"https:\/\/lignesdorages.com\/index.php\/2020\/11\/27\/481-888-la-france-avant-la-france-genevieve-buhrer-thierry-charles-meriaux\/#primaryimage"},"thumbnailUrl":"https:\/\/i0.wp.com\/lignesdorages.com\/wp-content\/uploads\/2020\/11\/481-888-La-France-Avant-La-France.jpg?fit=601%2C602&ssl=1","datePublished":"2020-11-27T22:07:08+00:00","dateModified":"2022-06-29T08:55:26+00:00","breadcrumb":{"@id":"https:\/\/lignesdorages.com\/index.php\/2020\/11\/27\/481-888-la-france-avant-la-france-genevieve-buhrer-thierry-charles-meriaux\/#breadcrumb"},"inLanguage":"fr-FR","potentialAction":[{"@type":"ReadAction","target":["https:\/\/lignesdorages.com\/index.php\/2020\/11\/27\/481-888-la-france-avant-la-france-genevieve-buhrer-thierry-charles-meriaux\/"]}]},{"@type":"ImageObject","inLanguage":"fr-FR","@id":"https:\/\/lignesdorages.com\/index.php\/2020\/11\/27\/481-888-la-france-avant-la-france-genevieve-buhrer-thierry-charles-meriaux\/#primaryimage","url":"https:\/\/i0.wp.com\/lignesdorages.com\/wp-content\/uploads\/2020\/11\/481-888-La-France-Avant-La-France.jpg?fit=601%2C602&ssl=1","contentUrl":"https:\/\/i0.wp.com\/lignesdorages.com\/wp-content\/uploads\/2020\/11\/481-888-La-France-Avant-La-France.jpg?fit=601%2C602&ssl=1","width":601,"height":602},{"@type":"BreadcrumbList","@id":"https:\/\/lignesdorages.com\/index.php\/2020\/11\/27\/481-888-la-france-avant-la-france-genevieve-buhrer-thierry-charles-meriaux\/#breadcrumb","itemListElement":[{"@type":"ListItem","position":1,"name":"Accueil","item":"https:\/\/lignesdorages.com\/"},{"@type":"ListItem","position":2,"name":"481-888 La France avant la France &#8211; Genevi\u00e8ve B\u00fchrer-Thierry, Charles M\u00e9riaux."}]},{"@type":"WebSite","@id":"https:\/\/lignesdorages.com\/#website","url":"https:\/\/lignesdorages.com\/","name":"Lignes d&#039;Orages","description":"","publisher":{"@id":"https:\/\/lignesdorages.com\/#\/schema\/person\/5953ef68d57ef3debfb882a9dcad53d5"},"potentialAction":[{"@type":"SearchAction","target":{"@type":"EntryPoint","urlTemplate":"https:\/\/lignesdorages.com\/?s={search_term_string}"},"query-input":{"@type":"PropertyValueSpecification","valueRequired":true,"valueName":"search_term_string"}}],"inLanguage":"fr-FR"},{"@type":["Person","Organization"],"@id":"https:\/\/lignesdorages.com\/#\/schema\/person\/5953ef68d57ef3debfb882a9dcad53d5","name":"Grain","image":{"@type":"ImageObject","inLanguage":"fr-FR","@id":"https:\/\/secure.gravatar.com\/avatar\/a7cbdbf34de80658bc0c637f4c9c1912490efb002e1760a736e9f9d89073c934?s=96&d=mm&r=g","url":"https:\/\/secure.gravatar.com\/avatar\/a7cbdbf34de80658bc0c637f4c9c1912490efb002e1760a736e9f9d89073c934?s=96&d=mm&r=g","contentUrl":"https:\/\/secure.gravatar.com\/avatar\/a7cbdbf34de80658bc0c637f4c9c1912490efb002e1760a736e9f9d89073c934?s=96&d=mm&r=g","caption":"Grain"},"logo":{"@id":"https:\/\/secure.gravatar.com\/avatar\/a7cbdbf34de80658bc0c637f4c9c1912490efb002e1760a736e9f9d89073c934?s=96&d=mm&r=g"},"url":"https:\/\/lignesdorages.com\/index.php\/author\/grain\/"}]}},"jetpack_publicize_connections":[],"jetpack_featured_media_url":"https:\/\/i0.wp.com\/lignesdorages.com\/wp-content\/uploads\/2020\/11\/481-888-La-France-Avant-La-France.jpg?fit=601%2C602&ssl=1","jetpack_sharing_enabled":true,"jetpack_shortlink":"https:\/\/wp.me\/p7tYAm-LO","jetpack-related-posts":[{"id":1213,"url":"https:\/\/lignesdorages.com\/index.php\/2018\/04\/13\/berezina-sylvain-tesson\/","url_meta":{"origin":2964,"position":0},"title":"Berezina &#8211; Sylvain Tesson","author":"Grain","date":"13 avril 2018","format":false,"excerpt":"J\u2019ai d\u00e9couvert Sylvain Tesson il y a quelques ann\u00e9es avec l\u2019axe du loup, un r\u00e9cit de voyage \u00e0 pied de la Sib\u00e9rie \u00e0 l\u2019Inde. J\u2019ai depuis lu pas mal de ses r\u00e9cits de voyages, quelques nouvelles et autres textes. Il y a des trucs que j\u2019aime plus ou moins mais\u2026","rel":"","context":"Dans &quot;Lu et Vu&quot;","block_context":{"text":"Lu et Vu","link":"https:\/\/lignesdorages.com\/index.php\/category\/liens\/"},"img":{"alt_text":"","src":"https:\/\/i0.wp.com\/lignesdorages.com\/wp-content\/uploads\/2018\/04\/Berezina-Sylvain-Tesson.png?fit=602%2C599&ssl=1&resize=350%2C200","width":350,"height":200,"srcset":"https:\/\/i0.wp.com\/lignesdorages.com\/wp-content\/uploads\/2018\/04\/Berezina-Sylvain-Tesson.png?fit=602%2C599&ssl=1&resize=350%2C200 1x, https:\/\/i0.wp.com\/lignesdorages.com\/wp-content\/uploads\/2018\/04\/Berezina-Sylvain-Tesson.png?fit=602%2C599&ssl=1&resize=525%2C300 1.5x"},"classes":[]},{"id":2617,"url":"https:\/\/lignesdorages.com\/index.php\/2020\/03\/03\/les-contes-et-legendes-du-vercors-et-du-pays-des-quatre-montagnes-claude-ferradou\/","url_meta":{"origin":2964,"position":1},"title":"Les Contes et L\u00e9gendes du Vercors et du Pays des Quatre Montagnes \u2013 Claude Ferradou","author":"Grain","date":"3 mars 2020","format":false,"excerpt":"J\u2019ai eu la chance de partir quelques jours en vacances dans le Vercors. J\u2019en ai profit\u00e9 pour me faire une petite lecture de vacances, avec ce recueil de contes et l\u00e9gendes opportun\u00e9ment laiss\u00e9 \u00e0 disposition par notre h\u00f4te. Vu que c\u2019est une lecture de vacances, ce sera aussi une mini\u2026","rel":"","context":"Dans &quot;Lu et Vu&quot;","block_context":{"text":"Lu et Vu","link":"https:\/\/lignesdorages.com\/index.php\/category\/liens\/"},"img":{"alt_text":"","src":"https:\/\/i0.wp.com\/lignesdorages.com\/wp-content\/uploads\/2020\/03\/Contes-et-L%C3%A9gendes-Vercors-Claude-Ferradou.jpg?fit=1041%2C1041&ssl=1&resize=350%2C200","width":350,"height":200,"srcset":"https:\/\/i0.wp.com\/lignesdorages.com\/wp-content\/uploads\/2020\/03\/Contes-et-L%C3%A9gendes-Vercors-Claude-Ferradou.jpg?fit=1041%2C1041&ssl=1&resize=350%2C200 1x, https:\/\/i0.wp.com\/lignesdorages.com\/wp-content\/uploads\/2020\/03\/Contes-et-L%C3%A9gendes-Vercors-Claude-Ferradou.jpg?fit=1041%2C1041&ssl=1&resize=525%2C300 1.5x, https:\/\/i0.wp.com\/lignesdorages.com\/wp-content\/uploads\/2020\/03\/Contes-et-L%C3%A9gendes-Vercors-Claude-Ferradou.jpg?fit=1041%2C1041&ssl=1&resize=700%2C400 2x"},"classes":[]},{"id":915,"url":"https:\/\/lignesdorages.com\/index.php\/2017\/09\/29\/henri-de-monfreid-aventures-de-mer-et-abdi-lhomme-a-la-main-coupee\/","url_meta":{"origin":2964,"position":2},"title":"Henri de Monfreid &#8211; Aventures de mer et Abdi, l&rsquo;homme \u00e0 la main coup\u00e9e","author":"Grain","date":"29 septembre 2017","format":false,"excerpt":"Pour mes lectures j'ai l'habitude d'encha\u00eener du plus s\u00e9rieux avec du plus tranquille. Donc apr\u00e8s l'histoire des pirates, et pour rester plus ou moins sur le m\u00eame sujet, voila deux livres que je me suis fais cet \u00e9t\u00e9, en mode lecture de vacances... [clic pour lire plus...]","rel":"","context":"Dans &quot;Lu et Vu&quot;","block_context":{"text":"Lu et Vu","link":"https:\/\/lignesdorages.com\/index.php\/category\/liens\/"},"img":{"alt_text":"","src":"https:\/\/i0.wp.com\/lignesdorages.com\/wp-content\/uploads\/2017\/09\/Monfreid2et3.png?resize=350%2C200","width":350,"height":200,"srcset":"https:\/\/i0.wp.com\/lignesdorages.com\/wp-content\/uploads\/2017\/09\/Monfreid2et3.png?resize=350%2C200 1x, https:\/\/i0.wp.com\/lignesdorages.com\/wp-content\/uploads\/2017\/09\/Monfreid2et3.png?resize=525%2C300 1.5x, https:\/\/i0.wp.com\/lignesdorages.com\/wp-content\/uploads\/2017\/09\/Monfreid2et3.png?resize=700%2C400 2x"},"classes":[]},{"id":2120,"url":"https:\/\/lignesdorages.com\/index.php\/2019\/08\/14\/les-furtifs-alain-damasio\/","url_meta":{"origin":2964,"position":3},"title":"Les Furtifs &#8211; Alain Damasio","author":"Grain","date":"14 ao\u00fbt 2019","format":false,"excerpt":"Du lourd ! aujourd'hui on s'attaque \u00e0 du lourd ! le nouveau livre d'Alain Damasio, sorti au printemps : les Furtifs. Exceptionnellement je vais faire une partie no-spoil et une partie avec spoiler (m\u00eame si je vais rester l\u00e9ger dans le spoil hein, du moins jusqu'\u00e0 ce qu'HBO annoncent qu'ils\u2026","rel":"","context":"Dans &quot;Lu et Vu&quot;","block_context":{"text":"Lu et Vu","link":"https:\/\/lignesdorages.com\/index.php\/category\/liens\/"},"img":{"alt_text":"","src":"https:\/\/i0.wp.com\/lignesdorages.com\/wp-content\/uploads\/2019\/08\/Furtifs-Damasio.jpg?fit=599%2C597&ssl=1&resize=350%2C200","width":350,"height":200,"srcset":"https:\/\/i0.wp.com\/lignesdorages.com\/wp-content\/uploads\/2019\/08\/Furtifs-Damasio.jpg?fit=599%2C597&ssl=1&resize=350%2C200 1x, https:\/\/i0.wp.com\/lignesdorages.com\/wp-content\/uploads\/2019\/08\/Furtifs-Damasio.jpg?fit=599%2C597&ssl=1&resize=525%2C300 1.5x"},"classes":[]},{"id":1614,"url":"https:\/\/lignesdorages.com\/index.php\/2018\/12\/20\/the-fall-of-gondolin-j-r-r-tolkien\/","url_meta":{"origin":2964,"position":4},"title":"The Fall of Gondolin &#8211; J.R.R. Tolkien","author":"Grain","date":"20 d\u00e9cembre 2018","format":false,"excerpt":"D\u00e9cid\u00e9ment toujours en forme m\u00eame si il est mort depuis plus de 45 ans (vive la n\u00e9cromancie), papi Tolkien continue \u00e0 sortir des bouquins a un rythme plus qu'honorable (prend \u00e7a George RR Martin!).\u00a0 Du coup apr\u00e8s Beren et Luthien, j'ai lu cette ann\u00e9e The Fall of Gondolin, le dernier\u2026","rel":"","context":"Dans &quot;Lu et Vu&quot;","block_context":{"text":"Lu et Vu","link":"https:\/\/lignesdorages.com\/index.php\/category\/liens\/"},"img":{"alt_text":"","src":"https:\/\/i0.wp.com\/lignesdorages.com\/wp-content\/uploads\/2018\/12\/The-Fall-of-Gondolin.jpg?fit=601%2C562&ssl=1&resize=350%2C200","width":350,"height":200,"srcset":"https:\/\/i0.wp.com\/lignesdorages.com\/wp-content\/uploads\/2018\/12\/The-Fall-of-Gondolin.jpg?fit=601%2C562&ssl=1&resize=350%2C200 1x, https:\/\/i0.wp.com\/lignesdorages.com\/wp-content\/uploads\/2018\/12\/The-Fall-of-Gondolin.jpg?fit=601%2C562&ssl=1&resize=525%2C300 1.5x"},"classes":[]},{"id":571,"url":"https:\/\/lignesdorages.com\/index.php\/2017\/04\/11\/le-moine-matthew-g-lewis\/","url_meta":{"origin":2964,"position":5},"title":"Le Moine &#8211; Matthew G. Lewis","author":"Grain","date":"11 avril 2017","format":false,"excerpt":"Sortez vos grimoires, pentacles et chaudrons, petite review d'un bouquin termin\u00e9 r\u00e9cemment, Le Moine de Matthew G. Lewis. [clic pour lire plus...]","rel":"","context":"Dans &quot;Lu et Vu&quot;","block_context":{"text":"Lu et Vu","link":"https:\/\/lignesdorages.com\/index.php\/category\/liens\/"},"img":{"alt_text":"","src":"https:\/\/i0.wp.com\/lignesdorages.com\/wp-content\/uploads\/2017\/03\/LeMoine.png?resize=350%2C200","width":350,"height":200,"srcset":"https:\/\/i0.wp.com\/lignesdorages.com\/wp-content\/uploads\/2017\/03\/LeMoine.png?resize=350%2C200 1x, https:\/\/i0.wp.com\/lignesdorages.com\/wp-content\/uploads\/2017\/03\/LeMoine.png?resize=525%2C300 1.5x"},"classes":[]}],"_links":{"self":[{"href":"https:\/\/lignesdorages.com\/index.php\/wp-json\/wp\/v2\/posts\/2964","targetHints":{"allow":["GET"]}}],"collection":[{"href":"https:\/\/lignesdorages.com\/index.php\/wp-json\/wp\/v2\/posts"}],"about":[{"href":"https:\/\/lignesdorages.com\/index.php\/wp-json\/wp\/v2\/types\/post"}],"author":[{"embeddable":true,"href":"https:\/\/lignesdorages.com\/index.php\/wp-json\/wp\/v2\/users\/2"}],"replies":[{"embeddable":true,"href":"https:\/\/lignesdorages.com\/index.php\/wp-json\/wp\/v2\/comments?post=2964"}],"version-history":[{"count":10,"href":"https:\/\/lignesdorages.com\/index.php\/wp-json\/wp\/v2\/posts\/2964\/revisions"}],"predecessor-version":[{"id":4128,"href":"https:\/\/lignesdorages.com\/index.php\/wp-json\/wp\/v2\/posts\/2964\/revisions\/4128"}],"wp:featuredmedia":[{"embeddable":true,"href":"https:\/\/lignesdorages.com\/index.php\/wp-json\/wp\/v2\/media\/2965"}],"wp:attachment":[{"href":"https:\/\/lignesdorages.com\/index.php\/wp-json\/wp\/v2\/media?parent=2964"}],"wp:term":[{"taxonomy":"category","embeddable":true,"href":"https:\/\/lignesdorages.com\/index.php\/wp-json\/wp\/v2\/categories?post=2964"},{"taxonomy":"post_tag","embeddable":true,"href":"https:\/\/lignesdorages.com\/index.php\/wp-json\/wp\/v2\/tags?post=2964"}],"curies":[{"name":"wp","href":"https:\/\/api.w.org\/{rel}","templated":true}]}}